{"id":4214,"date":"2026-02-17T10:10:28","date_gmt":"2026-02-17T16:10:28","guid":{"rendered":"https:\/\/girasolmultimedios.com\/portal\/?p=4214"},"modified":"2026-02-17T10:10:29","modified_gmt":"2026-02-17T16:10:29","slug":"dos-detenidos-con-producto-en-contrabando-en-pavana","status":"publish","type":"post","link":"https:\/\/girasolmultimedios.com\/portal\/dos-detenidos-con-producto-en-contrabando-en-pavana\/","title":{"rendered":"Dos detenidos con producto en contrabando en Pavana"},"content":{"rendered":"\n<p>CHOLUTECA.\u00a0Dos personas fueron capturadas y remitidas ante la instancia legal correspondiente para que respondan por el delito de contrabando, inform\u00f3 la Polic\u00eda.<\/p>\n\n\n\n<p>La portavoz policial, subinspectora Lucila Cruz Amador, inform\u00f3 que la acci\u00f3n policial se realiz\u00f3 en el puesto de control de Pavana por agentes de la Direcci\u00f3n Nacional de Servicios Policiales Fronterizos (DNSPF).<\/p>\n\n\n\n<p>Los polic\u00edas detuvieron a las dos personas en un operativo rutinario y se les incaut\u00f3 el producto que era transportado en un cami\u00f3n peque\u00f1o.<\/p>\n\n\n\n<p>El cargamento consist\u00eda en 120 fardos de bebida energizante haciendo que en total eran 2,800 unidades, m\u00e1s 110 cajas de focos de 60 watts, equivalente a 11 mil unidades, adem\u00e1s de un tel\u00e9fono celular.<\/p>\n\n\n\n<p>Cruz Amador manifest\u00f3 que el valor de la mercader\u00eda decomisada asciende a m\u00e1s de 600 mil lempiras, por lo que los sindicados fueron acusados por el delito de contrabando en perjuicio de la econom\u00eda nacional.<\/p>\n\n\n\n<p>Al momento de la detenci\u00f3n a los detenidos se les solicit\u00f3 documentaci\u00f3n de la mercader\u00eda que transportaban, por lo que al no presentarla, se les captur\u00f3 y se decomis\u00f3 el producto, acot\u00f3 la oficial.<\/p>\n","protected":false},"excerpt":{"rendered":"<p>CHOLUTECA.\u00a0Dos personas fueron capturadas y remitidas ante la instancia legal correspondiente para que respondan por el delito de contrabando, inform\u00f3 la Polic\u00eda. La portavoz policial, subinspectora Lucila Cruz Amador, inform\u00f3 que la acci\u00f3n policial se realiz\u00f3 en el puesto de control de Pavana por agentes de la Direcci\u00f3n Nacional de Servicios Policiales Fronterizos (DNSPF). Los [&hellip;]<\/p>\n","protected":false},"author":2,"featured_media":4215,"comment_status":"closed","ping_status":"open","sticky":false,"template":"","format":"standard","meta":{"_seopress_robots_primary_cat":"","_seopress_titles_title":"","_seopress_titles_desc":"","_seopress_robots_index":"","footnotes":""},"categories":[1],"tags":[],"class_list":["post-4214","post","type-post","status-publish","format-standard","has-post-thumbnail","hentry","category-sin-categoria"],"_links":{"self":[{"href":"https:\/\/girasolmultimedios.com\/portal\/wp-json\/wp\/v2\/posts\/4214","targetHints":{"allow":["GET"]}}],"collection":[{"href":"https:\/\/girasolmultimedios.com\/portal\/wp-json\/wp\/v2\/posts"}],"about":[{"href":"https:\/\/girasolmultimedios.com\/portal\/wp-json\/wp\/v2\/types\/post"}],"author":[{"embeddable":true,"href":"https:\/\/girasolmultimedios.com\/portal\/wp-json\/wp\/v2\/users\/2"}],"replies":[{"embeddable":true,"href":"https:\/\/girasolmultimedios.com\/portal\/wp-json\/wp\/v2\/comments?post=4214"}],"version-history":[{"count":1,"href":"https:\/\/girasolmultimedios.com\/portal\/wp-json\/wp\/v2\/posts\/4214\/revisions"}],"predecessor-version":[{"id":4216,"href":"https:\/\/girasolmultimedios.com\/portal\/wp-json\/wp\/v2\/posts\/4214\/revisions\/4216"}],"wp:featuredmedia":[{"embeddable":true,"href":"https:\/\/girasolmultimedios.com\/portal\/wp-json\/wp\/v2\/media\/4215"}],"wp:attachment":[{"href":"https:\/\/girasolmultimedios.com\/portal\/wp-json\/wp\/v2\/media?parent=4214"}],"wp:term":[{"taxonomy":"category","embeddable":true,"href":"https:\/\/girasolmultimedios.com\/portal\/wp-json\/wp\/v2\/categories?post=4214"},{"taxonomy":"post_tag","embeddable":true,"href":"https:\/\/girasolmultimedios.com\/portal\/wp-json\/wp\/v2\/tags?post=4214"}],"curies":[{"name":"wp","href":"https:\/\/api.w.org\/{rel}","templated":true}]}}