{"id":4220,"date":"2026-02-18T09:36:27","date_gmt":"2026-02-18T15:36:27","guid":{"rendered":"https:\/\/girasolmultimedios.com\/portal\/?p=4220"},"modified":"2026-02-18T09:36:28","modified_gmt":"2026-02-18T15:36:28","slug":"que-establece-el-nuevo-codigo-de-vestimenta-del-congreso-nacional","status":"publish","type":"post","link":"https:\/\/girasolmultimedios.com\/portal\/que-establece-el-nuevo-codigo-de-vestimenta-del-congreso-nacional\/","title":{"rendered":"\u00bfQu\u00e9 establece el nuevo c\u00f3digo de vestimenta del Congreso Nacional?"},"content":{"rendered":"\n<p>El Congreso Nacional de&nbsp;<a href=\"https:\/\/es.wikipedia.org\/wiki\/Honduras\">Honduras<\/a>&nbsp;aprob\u00f3 el martes 17 de febrero un c\u00f3digo de vestimenta obligatorio para los 128 diputados y diputadas, con el objetivo de reforzar el \u201cdecoro parlamentario\u201d y la imagen institucional del Poder Legislativo.<\/p>\n\n\n\n<p>La normativa entrar\u00e1 en vigor una vez sea publicada en el diario oficial La Gaceta y establece lineamientos claros sobre las prendas permitidas durante las sesiones legislativas.<\/p>\n\n\n\n<h4 class=\"wp-block-heading\"><strong>\u00bfQu\u00e9 podr\u00e1n usar los diputados?<\/strong><\/h4>\n\n\n\n<p>Seg\u00fan la resoluci\u00f3n, los congresistas varones deber\u00e1n asistir con:<\/p>\n\n\n\n<p>Traje formal completo.<\/p>\n\n\n\n<p>Pantal\u00f3n formal con camisa de vestir, saco y corbata.<\/p>\n\n\n\n<p>Vestimentas tradicionales hondure\u00f1as formales que representen la identidad \u00e9tnica, ind\u00edgena o afrodescendiente.<\/p>\n\n\n\n<p>En el caso de las diputadas, se autoriza:<\/p>\n\n\n\n<p>Traje ejecutivo formal.<\/p>\n\n\n\n<p>Vestido formal.<\/p>\n\n\n\n<p>Conjunto formal con pantal\u00f3n o falda.<\/p>\n\n\n\n<p>Atuendos tradicionales formales.<\/p>\n\n\n\n<p>El reglamento proh\u00edbe expresamente el uso de jeans, camisetas deportivas, gorras, ropa deportiva, sandalias informales y cualquier prenda considerada incompatible con la investidura legislativa.<\/p>\n\n\n\n<p>La Junta Directiva ser\u00e1 la encargada de supervisar el cumplimiento. Entre las sanciones contempladas est\u00e1 la negativa del uso de la palabra durante las sesiones a quienes incumplan la normativa.<\/p>\n\n\n\n<h4 class=\"wp-block-heading\"><strong>El origen de la pol\u00e9mica<\/strong><\/h4>\n\n\n\n<p>La medida surge tras la controversia protagonizada por el diputado Edgardo Casa\u00f1a, del Partido Libertad y Refundaci\u00f3n (Libre), quien se neg\u00f3 a retirarse una gorra dentro del hemiciclo.<\/p>\n\n\n\n<p>El incidente abri\u00f3 un debate nacional sobre los l\u00edmites entre la libertad individual y la solemnidad del cargo p\u00fablico. El documento aprobado se\u00f1ala que cuando un diputado interviene en el pleno \u201cno habla a t\u00edtulo personal, sino en nombre de la naci\u00f3n\u201d, por lo que su presentaci\u00f3n personal transmite un mensaje de responsabilidad y compromiso ante la ciudadan\u00eda.<\/p>\n\n\n\n<h4 class=\"wp-block-heading\"><strong>Reacciones divididas<\/strong><\/h4>\n\n\n\n<p>La bancada del Partido Libertad y Refundaci\u00f3n (Libre) manifest\u00f3 su desacuerdo con la medida, argumentando que el Congreso deber\u00eda priorizar los problemas urgentes del pa\u00eds en lugar de centrar la discusi\u00f3n en la vestimenta.<\/p>\n\n\n\n<p>A pesar de la oposici\u00f3n, el c\u00f3digo fue aprobado y ser\u00e1 aplicado tras su oficializaci\u00f3n.<\/p>\n\n\n\n<h4 class=\"wp-block-heading\"><strong>Otras decisiones en la misma sesi\u00f3n<\/strong><\/h4>\n\n\n\n<p>Durante la jornada legislativa tambi\u00e9n se aprob\u00f3 por unanimidad la integraci\u00f3n de una comisi\u00f3n especial para investigar las muertes violentas de mujeres en Honduras, iniciativa orientada a fortalecer la respuesta institucional frente a la violencia de g\u00e9nero.<\/p>\n\n\n\n<p>Asimismo, el diputado liberal Mario Segura propuso someter a todos los congresistas a pruebas antidoping, se\u00f1alando que ha observado comportamientos \u201cextra\u00f1os\u201d en algunos miembros del pleno. Aunque la propuesta no fue votada, abri\u00f3 un nuevo debate sobre transparencia y conducta dentro del Legislativo.<\/p>\n","protected":false},"excerpt":{"rendered":"<p>El Congreso Nacional de&nbsp;Honduras&nbsp;aprob\u00f3 el martes 17 de febrero un c\u00f3digo de vestimenta obligatorio para los 128 diputados y diputadas, con el objetivo de reforzar el \u201cdecoro parlamentario\u201d y la imagen institucional del Poder Legislativo. La normativa entrar\u00e1 en vigor una vez sea publicada en el diario oficial La Gaceta y establece lineamientos claros sobre [&hellip;]<\/p>\n","protected":false},"author":2,"featured_media":4221,"comment_status":"closed","ping_status":"open","sticky":false,"template":"","format":"standard","meta":{"_seopress_robots_primary_cat":"","_seopress_titles_title":"","_seopress_titles_desc":"","_seopress_robots_index":"","footnotes":""},"categories":[1],"tags":[],"class_list":["post-4220","post","type-post","status-publish","format-standard","has-post-thumbnail","hentry","category-sin-categoria"],"_links":{"self":[{"href":"https:\/\/girasolmultimedios.com\/portal\/wp-json\/wp\/v2\/posts\/4220","targetHints":{"allow":["GET"]}}],"collection":[{"href":"https:\/\/girasolmultimedios.com\/portal\/wp-json\/wp\/v2\/posts"}],"about":[{"href":"https:\/\/girasolmultimedios.com\/portal\/wp-json\/wp\/v2\/types\/post"}],"author":[{"embeddable":true,"href":"https:\/\/girasolmultimedios.com\/portal\/wp-json\/wp\/v2\/users\/2"}],"replies":[{"embeddable":true,"href":"https:\/\/girasolmultimedios.com\/portal\/wp-json\/wp\/v2\/comments?post=4220"}],"version-history":[{"count":1,"href":"https:\/\/girasolmultimedios.com\/portal\/wp-json\/wp\/v2\/posts\/4220\/revisions"}],"predecessor-version":[{"id":4222,"href":"https:\/\/girasolmultimedios.com\/portal\/wp-json\/wp\/v2\/posts\/4220\/revisions\/4222"}],"wp:featuredmedia":[{"embeddable":true,"href":"https:\/\/girasolmultimedios.com\/portal\/wp-json\/wp\/v2\/media\/4221"}],"wp:attachment":[{"href":"https:\/\/girasolmultimedios.com\/portal\/wp-json\/wp\/v2\/media?parent=4220"}],"wp:term":[{"taxonomy":"category","embeddable":true,"href":"https:\/\/girasolmultimedios.com\/portal\/wp-json\/wp\/v2\/categories?post=4220"},{"taxonomy":"post_tag","embeddable":true,"href":"https:\/\/girasolmultimedios.com\/portal\/wp-json\/wp\/v2\/tags?post=4220"}],"curies":[{"name":"wp","href":"https:\/\/api.w.org\/{rel}","templated":true}]}}