{"id":4226,"date":"2026-02-18T09:39:44","date_gmt":"2026-02-18T15:39:44","guid":{"rendered":"https:\/\/girasolmultimedios.com\/portal\/?p=4226"},"modified":"2026-02-18T09:39:45","modified_gmt":"2026-02-18T15:39:45","slug":"honduras-inicia-la-cuaresma-2026-con-el-miercoles-de-ceniza","status":"publish","type":"post","link":"https:\/\/girasolmultimedios.com\/portal\/honduras-inicia-la-cuaresma-2026-con-el-miercoles-de-ceniza\/","title":{"rendered":"Honduras inicia la Cuaresma 2026 con el Mi\u00e9rcoles de Ceniza"},"content":{"rendered":"\n<p>Este mi\u00e9rcoles 18 de febrero de 2026, miles de feligreses en todo el pa\u00eds acudir\u00e1n a los templos para recibir la imposici\u00f3n de la ceniza, rito que marca el inicio oficial de la Cuaresma en Honduras.<\/p>\n\n\n\n<p>Aunque el Mi\u00e9rcoles de Ceniza no figura como feriado nacional, su impacto social y laboral es evidente. Iglesias de distintas ciudades han habilitado horarios extendidos de misas para facilitar la participaci\u00f3n de trabajadores y estudiantes en esta tradici\u00f3n que simboliza la humildad y la fragilidad humana.<\/p>\n\n\n\n<h4 class=\"wp-block-heading\"><strong>\u00bfCu\u00e1nto dura la Cuaresma?<\/strong><\/h4>\n\n\n\n<p>La Cuaresma comprende un per\u00edodo de 40 d\u00edas de preparaci\u00f3n espiritual que culmina con la celebraci\u00f3n de la Semana Santa. La cruz de ceniza \u2014elaborada con las palmas bendecidas el Domingo de Ramos del a\u00f1o anterior\u2014 representa el llamado a la conversi\u00f3n y a la reflexi\u00f3n.<\/p>\n\n\n\n<p>Durante este tiempo, la Iglesia Cat\u00f3lica enfatiza el ayuno y la abstinencia. El ayuno es obligatorio para personas entre 18 y 59 a\u00f1os, mientras que la abstinencia de carnes rojas se practica todos los viernes de la temporada, una tradici\u00f3n que tambi\u00e9n influye en el consumo de platillos t\u00edpicos de la \u00e9poca.<a href=\"https:\/\/twitter.com\/intent\/tweet?text=Honduras+inicia+la+Cuaresma+2026+con+el+Mi%C3%A9rcoles+de+Ceniza&amp;url=https%3A%2F%2Fwww.latribuna.hn%2F2026%2F02%2F18%2Fhonduras-inicia-la-cuaresma-2026-con-el-miercoles-de-ceniza%2F\"><\/a><\/p>\n\n\n\n<p><a href=\"https:\/\/twitter.com\/intent\/tweet?text=Honduras+inicia+la+Cuaresma+2026+con+el+Mi%C3%A9rcoles+de+Ceniza&amp;url=https%3A%2F%2Fwww.latribuna.hn%2F2026%2F02%2F18%2Fhonduras-inicia-la-cuaresma-2026-con-el-miercoles-de-ceniza%2F\"><\/a><a href=\"https:\/\/api.whatsapp.com\/send?text=Honduras+inicia+la+Cuaresma+2026+con+el+Mi%C3%A9rcoles+de+Ceniza%20%0A%0A%20https:\/\/www.latribuna.hn\/2026\/02\/18\/honduras-inicia-la-cuaresma-2026-con-el-miercoles-de-ceniza\/\"><\/a><a href=\"mailto:?subject=Honduras%20inicia%20la%20Cuaresma%202026%20con%20el%20Mi%C3%A9rcoles%20de%20Ceniza&amp;body=https:\/\/www.latribuna.hn\/2026\/02\/18\/honduras-inicia-la-cuaresma-2026-con-el-miercoles-de-ceniza\/\"><\/a><a href=\"https:\/\/www.latribuna.hn\/2026\/02\/18\/honduras-inicia-la-cuaresma-2026-con-el-miercoles-de-ceniza\/\"><\/a><\/p>\n\n\n\n<p><\/p>\n","protected":false},"excerpt":{"rendered":"<p>Este mi\u00e9rcoles 18 de febrero de 2026, miles de feligreses en todo el pa\u00eds acudir\u00e1n a los templos para recibir la imposici\u00f3n de la ceniza, rito que marca el inicio oficial de la Cuaresma en Honduras. Aunque el Mi\u00e9rcoles de Ceniza no figura como feriado nacional, su impacto social y laboral es evidente. Iglesias de [&hellip;]<\/p>\n","protected":false},"author":2,"featured_media":4227,"comment_status":"closed","ping_status":"open","sticky":false,"template":"","format":"standard","meta":{"_seopress_robots_primary_cat":"","_seopress_titles_title":"","_seopress_titles_desc":"","_seopress_robots_index":"","footnotes":""},"categories":[1],"tags":[],"class_list":["post-4226","post","type-post","status-publish","format-standard","has-post-thumbnail","hentry","category-sin-categoria"],"_links":{"self":[{"href":"https:\/\/girasolmultimedios.com\/portal\/wp-json\/wp\/v2\/posts\/4226","targetHints":{"allow":["GET"]}}],"collection":[{"href":"https:\/\/girasolmultimedios.com\/portal\/wp-json\/wp\/v2\/posts"}],"about":[{"href":"https:\/\/girasolmultimedios.com\/portal\/wp-json\/wp\/v2\/types\/post"}],"author":[{"embeddable":true,"href":"https:\/\/girasolmultimedios.com\/portal\/wp-json\/wp\/v2\/users\/2"}],"replies":[{"embeddable":true,"href":"https:\/\/girasolmultimedios.com\/portal\/wp-json\/wp\/v2\/comments?post=4226"}],"version-history":[{"count":1,"href":"https:\/\/girasolmultimedios.com\/portal\/wp-json\/wp\/v2\/posts\/4226\/revisions"}],"predecessor-version":[{"id":4228,"href":"https:\/\/girasolmultimedios.com\/portal\/wp-json\/wp\/v2\/posts\/4226\/revisions\/4228"}],"wp:featuredmedia":[{"embeddable":true,"href":"https:\/\/girasolmultimedios.com\/portal\/wp-json\/wp\/v2\/media\/4227"}],"wp:attachment":[{"href":"https:\/\/girasolmultimedios.com\/portal\/wp-json\/wp\/v2\/media?parent=4226"}],"wp:term":[{"taxonomy":"category","embeddable":true,"href":"https:\/\/girasolmultimedios.com\/portal\/wp-json\/wp\/v2\/categories?post=4226"},{"taxonomy":"post_tag","embeddable":true,"href":"https:\/\/girasolmultimedios.com\/portal\/wp-json\/wp\/v2\/tags?post=4226"}],"curies":[{"name":"wp","href":"https:\/\/api.w.org\/{rel}","templated":true}]}}