{"id":4229,"date":"2026-02-18T09:41:19","date_gmt":"2026-02-18T15:41:19","guid":{"rendered":"https:\/\/girasolmultimedios.com\/portal\/?p=4229"},"modified":"2026-02-18T09:41:19","modified_gmt":"2026-02-18T15:41:19","slug":"embajador-de-la-ue-visita-hacienda-de-cafe-en-yamaranguila-intibuca","status":"publish","type":"post","link":"https:\/\/girasolmultimedios.com\/portal\/embajador-de-la-ue-visita-hacienda-de-cafe-en-yamaranguila-intibuca\/","title":{"rendered":"Embajador de la UE visita hacienda de caf\u00e9 en Yamaranguila, Intibuc\u00e1"},"content":{"rendered":"\n<p>El Embajador de la Uni\u00f3n Europea (UE) en Honduras,\u00a0Gonzalo Fournier\u00a0visit\u00f3 una hacienda de caf\u00e9 Las Ca\u00f1as ubicada en Yamaranguila, departamento de Intibuc\u00e1.<\/p>\n\n\n\n<p>\u00abVisit\u00e9 la hacienda de caf\u00e9 Las Ca\u00f1as, de los Aguilar, en Yamaranguila, Intibuc\u00e1. Un gran productor (70 ha) que representa la tradici\u00f3n familiar, el esfuerzo y la historia del caf\u00e9 en \ud83c\udded\ud83c\uddf3, con amor al bosque, protegi\u00e9ndolo. El Reglamento de Deforestaci\u00f3n Cero de la UE \ud83c\uddea\ud83c\uddfa se cumple\u00bb, escribi\u00f3 el diplom\u00e1tico en su cuenta oficial en X.<a href=\"https:\/\/twitter.com\/intent\/tweet?text=Embajador+de+la+UE+visita+hacienda+de+caf%C3%A9+en+Yamaranguila%2C+Intibuc%C3%A1&amp;url=https%3A%2F%2Fwww.latribuna.hn%2F2026%2F02%2F18%2Fembajador-de-la-ue-visita-hacienda-de-cafe-en-yamaranguila-intibuca%2F\"><\/a><\/p>\n\n\n\n<p><a href=\"https:\/\/twitter.com\/intent\/tweet?text=Embajador+de+la+UE+visita+hacienda+de+caf%C3%A9+en+Yamaranguila%2C+Intibuc%C3%A1&amp;url=https%3A%2F%2Fwww.latribuna.hn%2F2026%2F02%2F18%2Fembajador-de-la-ue-visita-hacienda-de-cafe-en-yamaranguila-intibuca%2F\"><\/a><a href=\"https:\/\/api.whatsapp.com\/send?text=Embajador+de+la+UE+visita+hacienda+de+caf%C3%A9+en+Yamaranguila%2C+Intibuc%C3%A1%20%0A%0A%20https:\/\/www.latribuna.hn\/2026\/02\/18\/embajador-de-la-ue-visita-hacienda-de-cafe-en-yamaranguila-intibuca\/\"><\/a><a href=\"mailto:?subject=Embajador%20de%20la%20UE%20visita%20hacienda%20de%20caf%C3%A9%20en%20Yamaranguila,%20Intibuc%C3%A1&amp;body=https:\/\/www.latribuna.hn\/2026\/02\/18\/embajador-de-la-ue-visita-hacienda-de-cafe-en-yamaranguila-intibuca\/\"><\/a><a href=\"https:\/\/www.latribuna.hn\/2026\/02\/18\/embajador-de-la-ue-visita-hacienda-de-cafe-en-yamaranguila-intibuca\/\"><\/a><\/p>\n\n\n\n<p><\/p>\n\n\n\n<p><\/p>\n","protected":false},"excerpt":{"rendered":"<p>El Embajador de la Uni\u00f3n Europea (UE) en Honduras,\u00a0Gonzalo Fournier\u00a0visit\u00f3 una hacienda de caf\u00e9 Las Ca\u00f1as ubicada en Yamaranguila, departamento de Intibuc\u00e1. \u00abVisit\u00e9 la hacienda de caf\u00e9 Las Ca\u00f1as, de los Aguilar, en Yamaranguila, Intibuc\u00e1. Un gran productor (70 ha) que representa la tradici\u00f3n familiar, el esfuerzo y la historia del caf\u00e9 en \ud83c\udded\ud83c\uddf3, con [&hellip;]<\/p>\n","protected":false},"author":2,"featured_media":4230,"comment_status":"closed","ping_status":"open","sticky":false,"template":"","format":"standard","meta":{"_seopress_robots_primary_cat":"","_seopress_titles_title":"","_seopress_titles_desc":"","_seopress_robots_index":"","footnotes":""},"categories":[1],"tags":[],"class_list":["post-4229","post","type-post","status-publish","format-standard","has-post-thumbnail","hentry","category-sin-categoria"],"_links":{"self":[{"href":"https:\/\/girasolmultimedios.com\/portal\/wp-json\/wp\/v2\/posts\/4229","targetHints":{"allow":["GET"]}}],"collection":[{"href":"https:\/\/girasolmultimedios.com\/portal\/wp-json\/wp\/v2\/posts"}],"about":[{"href":"https:\/\/girasolmultimedios.com\/portal\/wp-json\/wp\/v2\/types\/post"}],"author":[{"embeddable":true,"href":"https:\/\/girasolmultimedios.com\/portal\/wp-json\/wp\/v2\/users\/2"}],"replies":[{"embeddable":true,"href":"https:\/\/girasolmultimedios.com\/portal\/wp-json\/wp\/v2\/comments?post=4229"}],"version-history":[{"count":1,"href":"https:\/\/girasolmultimedios.com\/portal\/wp-json\/wp\/v2\/posts\/4229\/revisions"}],"predecessor-version":[{"id":4231,"href":"https:\/\/girasolmultimedios.com\/portal\/wp-json\/wp\/v2\/posts\/4229\/revisions\/4231"}],"wp:featuredmedia":[{"embeddable":true,"href":"https:\/\/girasolmultimedios.com\/portal\/wp-json\/wp\/v2\/media\/4230"}],"wp:attachment":[{"href":"https:\/\/girasolmultimedios.com\/portal\/wp-json\/wp\/v2\/media?parent=4229"}],"wp:term":[{"taxonomy":"category","embeddable":true,"href":"https:\/\/girasolmultimedios.com\/portal\/wp-json\/wp\/v2\/categories?post=4229"},{"taxonomy":"post_tag","embeddable":true,"href":"https:\/\/girasolmultimedios.com\/portal\/wp-json\/wp\/v2\/tags?post=4229"}],"curies":[{"name":"wp","href":"https:\/\/api.w.org\/{rel}","templated":true}]}}