{"id":4238,"date":"2026-02-18T09:49:13","date_gmt":"2026-02-18T15:49:13","guid":{"rendered":"https:\/\/girasolmultimedios.com\/portal\/?p=4238"},"modified":"2026-02-18T09:49:14","modified_gmt":"2026-02-18T15:49:14","slug":"plantean-reducir-el-aparato-estatal-de-113-a-78-entidades","status":"publish","type":"post","link":"https:\/\/girasolmultimedios.com\/portal\/plantean-reducir-el-aparato-estatal-de-113-a-78-entidades\/","title":{"rendered":"Plantean reducir el aparato estatal de 113 a 78 entidades"},"content":{"rendered":"\n<p>El secretario de Finanzas, Emilio H\u00e9rcules, se reuni\u00f3 con la comisi\u00f3n de dictamen que preside el diputado Mario P\u00e9rez, para explicar los alcances del decreto solicitado por el Poder Ejecutivo al Congreso Nacional, orientado a impulsar la reactivaci\u00f3n econ\u00f3mica y fortalecer la eficiencia del Estado.<\/p>\n\n\n\n<p>Durante el encuentro, H\u00e9rcules detall\u00f3 a los diputados el contenido de la propuesta, aclarando que no se trata de una medida extraordinaria, sino de un conjunto de acciones para reorganizar la administraci\u00f3n p\u00fablica y proteger las finanzas nacionales.<\/p>\n\n\n\n<p>El funcionario fue enf\u00e1tico al se\u00f1alar que el decreto no implica la declaratoria de emergencia nacional ni financiera.<\/p>\n\n\n\n<p>\u201cEl decreto en s\u00ed no requiere que sea una emergencia nacional, no lo va a hacer una emergencia en vista de que no hay emergencia fiscal\u201d, afirm\u00f3.<\/p>\n\n\n\n<p>Asimismo, reiter\u00f3: \u201cNo hay emergencia fiscal, no se va a decretar una emergencia fiscal\u201d.<\/p>\n\n\n\n<p>Explic\u00f3 que las medidas buscan facilitar el cumplimiento de las responsabilidades del actual Gobierno sin recurrir a mecanismos excepcionales.<\/p>\n\n\n\n<h2 class=\"wp-block-heading\"><strong>REESTRUCTURACI\u00d3N<\/strong><\/h2>\n\n\n\n<p>Uno de los principales ejes del decreto es la reestructuraci\u00f3n del Estado mediante la fusi\u00f3n y eliminaci\u00f3n de instituciones.<\/p>\n\n\n\n<p>H\u00e9rcules explic\u00f3 que se proyecta \u201cuna reducci\u00f3n en el Gobierno, provocando una disminuci\u00f3n en el aparato estatal de 113 instituciones a aproximadamente unas 75 o 78\u201d.<\/p>\n\n\n\n<p>Indic\u00f3 que esta decisi\u00f3n responde a la existencia de duplicidad de funciones, exceso de personal y crecimiento sostenido del gasto en planillas.<\/p>\n\n\n\n<p>\u201cHemos encontrado instituciones que no est\u00e1n cumpliendo con la funci\u00f3n para la cual fueron creadas, duplicidad en los puestos y una sobrecarga en los renglones presupuestarios\u201d, sostuvo.<\/p>\n\n\n\n<p>El ministro tambi\u00e9n abord\u00f3 la situaci\u00f3n de la Caja \u00danica del Tesoro, afectada por m\u00faltiples embargos judiciales.<\/p>\n\n\n\n<p>\u201cEn un per\u00edodo normal de cinco a\u00f1os hubo embargos por aproximadamente 10,000 millones de lempiras, sin embargo, en los primeros 10 d\u00edas del gobierno hubo embargos superiores a los 3,000 millones\u201d, se\u00f1al\u00f3.<\/p>\n\n\n\n<p>Ante este panorama, explic\u00f3 que el decreto busca fortalecer la coordinaci\u00f3n entre el Poder Judicial y la Tesorer\u00eda General para proteger los recursos p\u00fablicos.<\/p>\n\n\n\n<h2 class=\"wp-block-heading\"><strong>DEMANDAS LABORALES<\/strong><\/h2>\n\n\n\n<p>Otro componente clave de la iniciativa es la atenci\u00f3n a las demandas laborales acumuladas contra el Estado.<\/p>\n\n\n\n<p>\u201cSe busca poder conciliar todas las demandas laborales y llevar a cabo una conciliaci\u00f3n favorable que beneficie a la persona y tambi\u00e9n al Estado\u201d, manifest\u00f3.<\/p>\n\n\n\n<p>Seg\u00fan indic\u00f3, esta estrategia permitir\u00e1 reducir la presi\u00f3n financiera y resolver conflictos de manera m\u00e1s \u00e1gil.<\/p>\n","protected":false},"excerpt":{"rendered":"<p>El secretario de Finanzas, Emilio H\u00e9rcules, se reuni\u00f3 con la comisi\u00f3n de dictamen que preside el diputado Mario P\u00e9rez, para explicar los alcances del decreto solicitado por el Poder Ejecutivo al Congreso Nacional, orientado a impulsar la reactivaci\u00f3n econ\u00f3mica y fortalecer la eficiencia del Estado. Durante el encuentro, H\u00e9rcules detall\u00f3 a los diputados el contenido [&hellip;]<\/p>\n","protected":false},"author":2,"featured_media":4239,"comment_status":"closed","ping_status":"open","sticky":false,"template":"","format":"standard","meta":{"_seopress_robots_primary_cat":"","_seopress_titles_title":"","_seopress_titles_desc":"","_seopress_robots_index":"","footnotes":""},"categories":[1],"tags":[],"class_list":["post-4238","post","type-post","status-publish","format-standard","has-post-thumbnail","hentry","category-sin-categoria"],"_links":{"self":[{"href":"https:\/\/girasolmultimedios.com\/portal\/wp-json\/wp\/v2\/posts\/4238","targetHints":{"allow":["GET"]}}],"collection":[{"href":"https:\/\/girasolmultimedios.com\/portal\/wp-json\/wp\/v2\/posts"}],"about":[{"href":"https:\/\/girasolmultimedios.com\/portal\/wp-json\/wp\/v2\/types\/post"}],"author":[{"embeddable":true,"href":"https:\/\/girasolmultimedios.com\/portal\/wp-json\/wp\/v2\/users\/2"}],"replies":[{"embeddable":true,"href":"https:\/\/girasolmultimedios.com\/portal\/wp-json\/wp\/v2\/comments?post=4238"}],"version-history":[{"count":1,"href":"https:\/\/girasolmultimedios.com\/portal\/wp-json\/wp\/v2\/posts\/4238\/revisions"}],"predecessor-version":[{"id":4240,"href":"https:\/\/girasolmultimedios.com\/portal\/wp-json\/wp\/v2\/posts\/4238\/revisions\/4240"}],"wp:featuredmedia":[{"embeddable":true,"href":"https:\/\/girasolmultimedios.com\/portal\/wp-json\/wp\/v2\/media\/4239"}],"wp:attachment":[{"href":"https:\/\/girasolmultimedios.com\/portal\/wp-json\/wp\/v2\/media?parent=4238"}],"wp:term":[{"taxonomy":"category","embeddable":true,"href":"https:\/\/girasolmultimedios.com\/portal\/wp-json\/wp\/v2\/categories?post=4238"},{"taxonomy":"post_tag","embeddable":true,"href":"https:\/\/girasolmultimedios.com\/portal\/wp-json\/wp\/v2\/tags?post=4238"}],"curies":[{"name":"wp","href":"https:\/\/api.w.org\/{rel}","templated":true}]}}