{"id":4241,"date":"2026-02-18T09:52:07","date_gmt":"2026-02-18T15:52:07","guid":{"rendered":"https:\/\/girasolmultimedios.com\/portal\/?p=4241"},"modified":"2026-02-18T09:52:07","modified_gmt":"2026-02-18T15:52:07","slug":"ley-de-emergencia-busca-control-del-gasto-y-reorganizacion-del-estado","status":"publish","type":"post","link":"https:\/\/girasolmultimedios.com\/portal\/ley-de-emergencia-busca-control-del-gasto-y-reorganizacion-del-estado\/","title":{"rendered":"Ley de Emergencia busca control del gasto y reorganizaci\u00f3n del Estado"},"content":{"rendered":"\n<p>El diputado del Partido Nacional, Marco Midence, present\u00f3 el proyecto de Ley de Reactivaci\u00f3n Econ\u00f3mica y Desarrollo Humano, que incluye la declaraci\u00f3n de Emergencia Fiscal y Financiera.<\/p>\n\n\n\n<p>Seg\u00fan explic\u00f3, la iniciativa tiene como objetivo principal establecer un control riguroso del gasto p\u00fablico, reorganizar el Poder Ejecutivo y detener el perjuicio financiero que provocan las demandas laborales contra el Estado.<\/p>\n\n\n\n<p>\u201cEste proyecto de ley lo que hace es autorizar al Poder Ejecutivo una medida para controlar el gasto, agilizar y poder reorientarlo hacia las finanzas, con el fin de garantizar estabilidad macroecon\u00f3mica y sostenibilidad\u201d, se\u00f1al\u00f3 Midence.<\/p>\n\n\n\n<p>El congresista detall\u00f3 que la propuesta busca facultar al Ejecutivo, a trav\u00e9s de los titulares de instituciones de la administraci\u00f3n central, desconcentradas y descentralizadas, para realizar conciliaciones judiciales, arreglos extrajudiciales y transacciones en procesos donde el Estado est\u00e9 involucrado, siempre que continuar con los litigios represente un mayor perjuicio econ\u00f3mico.<\/p>\n","protected":false},"excerpt":{"rendered":"<p>El diputado del Partido Nacional, Marco Midence, present\u00f3 el proyecto de Ley de Reactivaci\u00f3n Econ\u00f3mica y Desarrollo Humano, que incluye la declaraci\u00f3n de Emergencia Fiscal y Financiera. Seg\u00fan explic\u00f3, la iniciativa tiene como objetivo principal establecer un control riguroso del gasto p\u00fablico, reorganizar el Poder Ejecutivo y detener el perjuicio financiero que provocan las demandas [&hellip;]<\/p>\n","protected":false},"author":2,"featured_media":4242,"comment_status":"closed","ping_status":"open","sticky":false,"template":"","format":"standard","meta":{"_seopress_robots_primary_cat":"","_seopress_titles_title":"","_seopress_titles_desc":"","_seopress_robots_index":"","footnotes":""},"categories":[1],"tags":[],"class_list":["post-4241","post","type-post","status-publish","format-standard","has-post-thumbnail","hentry","category-sin-categoria"],"_links":{"self":[{"href":"https:\/\/girasolmultimedios.com\/portal\/wp-json\/wp\/v2\/posts\/4241","targetHints":{"allow":["GET"]}}],"collection":[{"href":"https:\/\/girasolmultimedios.com\/portal\/wp-json\/wp\/v2\/posts"}],"about":[{"href":"https:\/\/girasolmultimedios.com\/portal\/wp-json\/wp\/v2\/types\/post"}],"author":[{"embeddable":true,"href":"https:\/\/girasolmultimedios.com\/portal\/wp-json\/wp\/v2\/users\/2"}],"replies":[{"embeddable":true,"href":"https:\/\/girasolmultimedios.com\/portal\/wp-json\/wp\/v2\/comments?post=4241"}],"version-history":[{"count":1,"href":"https:\/\/girasolmultimedios.com\/portal\/wp-json\/wp\/v2\/posts\/4241\/revisions"}],"predecessor-version":[{"id":4243,"href":"https:\/\/girasolmultimedios.com\/portal\/wp-json\/wp\/v2\/posts\/4241\/revisions\/4243"}],"wp:featuredmedia":[{"embeddable":true,"href":"https:\/\/girasolmultimedios.com\/portal\/wp-json\/wp\/v2\/media\/4242"}],"wp:attachment":[{"href":"https:\/\/girasolmultimedios.com\/portal\/wp-json\/wp\/v2\/media?parent=4241"}],"wp:term":[{"taxonomy":"category","embeddable":true,"href":"https:\/\/girasolmultimedios.com\/portal\/wp-json\/wp\/v2\/categories?post=4241"},{"taxonomy":"post_tag","embeddable":true,"href":"https:\/\/girasolmultimedios.com\/portal\/wp-json\/wp\/v2\/tags?post=4241"}],"curies":[{"name":"wp","href":"https:\/\/api.w.org\/{rel}","templated":true}]}}