{"id":4244,"date":"2026-02-18T09:53:58","date_gmt":"2026-02-18T15:53:58","guid":{"rendered":"https:\/\/girasolmultimedios.com\/portal\/?p=4244"},"modified":"2026-02-18T09:53:58","modified_gmt":"2026-02-18T15:53:58","slug":"inicia-bacheo-en-la-ca-13-a-la-altura-de-bonito-oriental","status":"publish","type":"post","link":"https:\/\/girasolmultimedios.com\/portal\/inicia-bacheo-en-la-ca-13-a-la-altura-de-bonito-oriental\/","title":{"rendered":"Inicia bacheo en la CA-13 a la altura de Bonito Oriental"},"content":{"rendered":"\n<p>El alcalde Iv\u00e1n Guardado encabez\u00f3 la supervisi\u00f3n de los trabajos de bacheo en la carretera CA-13, a la altura de Bonito Oriental, en un tramo que conecta con la comunidad de Corocito, colapsado desde hace m\u00e1s de seis a\u00f1os.<\/p>\n\n\n\n<p>La obra representa un avance significativo en la recuperaci\u00f3n de una v\u00eda estrat\u00e9gica para la movilidad y el desarrollo econ\u00f3mico de la regi\u00f3n.<\/p>\n\n\n\n<p>Guardado expres\u00f3 su satisfacci\u00f3n por el inicio de los trabajos, destacando que la reparaci\u00f3n de la carretera ha sido una demanda constante de los pobladores y transportistas que diariamente enfrentan dificultades para transitar por la zona.<\/p>\n\n\n\n<p>\u201cMi emoci\u00f3n se acelera al ver c\u00f3mo se acercan las cuadrillas al tramo de Corocito, porque sabemos lo que significa para nuestra gente recuperar esta v\u00eda\u201d, manifest\u00f3 el edil.<\/p>\n\n\n\n<p>El proyecto de bacheo forma parte de un plan integral de mantenimiento vial impulsado por la municipalidad, con el apoyo de instituciones estatales.<\/p>\n\n\n\n<p>Las labores incluyen la nivelaci\u00f3n de la superficie, aplicaci\u00f3n de mezcla asf\u00e1ltica y se\u00f1alizaci\u00f3n, con el objetivo de garantizar mayor seguridad y reducir los riesgos de accidentes.<\/p>\n\n\n\n<p>Los pobladores de Bonito Oriental han recibido con entusiasmo la intervenci\u00f3n, pues consideran que la rehabilitaci\u00f3n de la CA-13 permitir\u00e1 mejorar el acceso a servicios b\u00e1sicos, dinamizar el comercio local y facilitar el transporte de productos agr\u00edcolas hacia otros municipios y departamentos.<\/p>\n\n\n\n<p>El alcalde Guardado reiter\u00f3 su compromiso de continuar gestionando proyectos de infraestructura que beneficien directamente a la poblaci\u00f3n, subrayando que la recuperaci\u00f3n de la red vial es clave para el desarrollo y la integraci\u00f3n regional.<\/p>\n","protected":false},"excerpt":{"rendered":"<p>El alcalde Iv\u00e1n Guardado encabez\u00f3 la supervisi\u00f3n de los trabajos de bacheo en la carretera CA-13, a la altura de Bonito Oriental, en un tramo que conecta con la comunidad de Corocito, colapsado desde hace m\u00e1s de seis a\u00f1os. La obra representa un avance significativo en la recuperaci\u00f3n de una v\u00eda estrat\u00e9gica para la movilidad [&hellip;]<\/p>\n","protected":false},"author":2,"featured_media":4245,"comment_status":"closed","ping_status":"open","sticky":false,"template":"","format":"standard","meta":{"_seopress_robots_primary_cat":"","_seopress_titles_title":"","_seopress_titles_desc":"","_seopress_robots_index":"","footnotes":""},"categories":[1],"tags":[],"class_list":["post-4244","post","type-post","status-publish","format-standard","has-post-thumbnail","hentry","category-sin-categoria"],"_links":{"self":[{"href":"https:\/\/girasolmultimedios.com\/portal\/wp-json\/wp\/v2\/posts\/4244","targetHints":{"allow":["GET"]}}],"collection":[{"href":"https:\/\/girasolmultimedios.com\/portal\/wp-json\/wp\/v2\/posts"}],"about":[{"href":"https:\/\/girasolmultimedios.com\/portal\/wp-json\/wp\/v2\/types\/post"}],"author":[{"embeddable":true,"href":"https:\/\/girasolmultimedios.com\/portal\/wp-json\/wp\/v2\/users\/2"}],"replies":[{"embeddable":true,"href":"https:\/\/girasolmultimedios.com\/portal\/wp-json\/wp\/v2\/comments?post=4244"}],"version-history":[{"count":1,"href":"https:\/\/girasolmultimedios.com\/portal\/wp-json\/wp\/v2\/posts\/4244\/revisions"}],"predecessor-version":[{"id":4246,"href":"https:\/\/girasolmultimedios.com\/portal\/wp-json\/wp\/v2\/posts\/4244\/revisions\/4246"}],"wp:featuredmedia":[{"embeddable":true,"href":"https:\/\/girasolmultimedios.com\/portal\/wp-json\/wp\/v2\/media\/4245"}],"wp:attachment":[{"href":"https:\/\/girasolmultimedios.com\/portal\/wp-json\/wp\/v2\/media?parent=4244"}],"wp:term":[{"taxonomy":"category","embeddable":true,"href":"https:\/\/girasolmultimedios.com\/portal\/wp-json\/wp\/v2\/categories?post=4244"},{"taxonomy":"post_tag","embeddable":true,"href":"https:\/\/girasolmultimedios.com\/portal\/wp-json\/wp\/v2\/tags?post=4244"}],"curies":[{"name":"wp","href":"https:\/\/api.w.org\/{rel}","templated":true}]}}