{"id":4247,"date":"2026-02-18T09:56:24","date_gmt":"2026-02-18T15:56:24","guid":{"rendered":"https:\/\/girasolmultimedios.com\/portal\/?p=4247"},"modified":"2026-02-18T09:56:25","modified_gmt":"2026-02-18T15:56:25","slug":"politica-de-seguridad-mantiene-ruta-clara","status":"publish","type":"post","link":"https:\/\/girasolmultimedios.com\/portal\/politica-de-seguridad-mantiene-ruta-clara\/","title":{"rendered":"Pol\u00edtica de seguridad mantiene ruta clara"},"content":{"rendered":"\n<p>El secretario de Comunicaciones del Gobierno de Honduras, Jos\u00e9 Argueta, reaccion\u00f3 a la controversia generada por las declaraciones del ministro de Seguridad, Gerson Vel\u00e1squez, respecto a las estrategias de seguridad implementadas en El Salvador.<\/p>\n\n\n\n<p>La pol\u00e9mica surgi\u00f3 luego de que el presidente salvadore\u00f1o, Nayib Bukele, respondiera en la red social X a un clip del ministro Vel\u00e1squez, difundido en el programa Hablemos con Hechos.<\/p>\n\n\n\n<p>En dicho espacio, el funcionario hondure\u00f1o se refiri\u00f3 a la pol\u00edtica de seguridad salvadore\u00f1a, lo que gener\u00f3 interpretaciones diversas y cr\u00edticas en ambos pa\u00edses.<br>Ante ello, Argueta aclar\u00f3 que las declaraciones de un funcionario pueden ser malinterpretadas o tomadas de manera subjetiva.<\/p>\n\n\n\n<p>\u201cIncluso podemos tener un lapsus, pero una declaraci\u00f3n de un funcionario no remite a una pol\u00edtica de Estado como tal\u201d, expres\u00f3 el vocero gubernamental.<\/p>\n\n\n\n<p>El secretario de Comunicaciones subray\u00f3 que la pol\u00edtica de seguridad de Honduras mantiene una ruta clara, definida por el Presidente de la Rep\u00fablica, y que responde a una visi\u00f3n estrat\u00e9gica de largo plazo. Asimismo, enfatiz\u00f3 que cada naci\u00f3n es soberana para tomar sus propias decisiones en materia de seguridad p\u00fablica.<\/p>\n\n\n\n<p>Argueta lament\u00f3 que las palabras de Vel\u00e1squez hayan sido mal tomadas en El Salvador, pero reiter\u00f3 que el mensaje central del gobierno hondure\u00f1o es trabajar de manera conjunta por la seguridad regional. \u201cComo hermanos centroamericanos, debemos unir esfuerzos para garantizar la tranquilidad de nuestros pueblos\u201d, puntualiz\u00f3.<\/p>\n\n\n\n<p>Con esta aclaraci\u00f3n, el gobierno busca disipar tensiones y reafirmar su compromiso con una pol\u00edtica de seguridad basada en respeto, cooperaci\u00f3n y soberan\u00eda nacional.<\/p>\n","protected":false},"excerpt":{"rendered":"<p>El secretario de Comunicaciones del Gobierno de Honduras, Jos\u00e9 Argueta, reaccion\u00f3 a la controversia generada por las declaraciones del ministro de Seguridad, Gerson Vel\u00e1squez, respecto a las estrategias de seguridad implementadas en El Salvador. La pol\u00e9mica surgi\u00f3 luego de que el presidente salvadore\u00f1o, Nayib Bukele, respondiera en la red social X a un clip del [&hellip;]<\/p>\n","protected":false},"author":2,"featured_media":4248,"comment_status":"closed","ping_status":"open","sticky":false,"template":"","format":"standard","meta":{"_seopress_robots_primary_cat":"","_seopress_titles_title":"","_seopress_titles_desc":"","_seopress_robots_index":"","footnotes":""},"categories":[1],"tags":[],"class_list":["post-4247","post","type-post","status-publish","format-standard","has-post-thumbnail","hentry","category-sin-categoria"],"_links":{"self":[{"href":"https:\/\/girasolmultimedios.com\/portal\/wp-json\/wp\/v2\/posts\/4247","targetHints":{"allow":["GET"]}}],"collection":[{"href":"https:\/\/girasolmultimedios.com\/portal\/wp-json\/wp\/v2\/posts"}],"about":[{"href":"https:\/\/girasolmultimedios.com\/portal\/wp-json\/wp\/v2\/types\/post"}],"author":[{"embeddable":true,"href":"https:\/\/girasolmultimedios.com\/portal\/wp-json\/wp\/v2\/users\/2"}],"replies":[{"embeddable":true,"href":"https:\/\/girasolmultimedios.com\/portal\/wp-json\/wp\/v2\/comments?post=4247"}],"version-history":[{"count":1,"href":"https:\/\/girasolmultimedios.com\/portal\/wp-json\/wp\/v2\/posts\/4247\/revisions"}],"predecessor-version":[{"id":4249,"href":"https:\/\/girasolmultimedios.com\/portal\/wp-json\/wp\/v2\/posts\/4247\/revisions\/4249"}],"wp:featuredmedia":[{"embeddable":true,"href":"https:\/\/girasolmultimedios.com\/portal\/wp-json\/wp\/v2\/media\/4248"}],"wp:attachment":[{"href":"https:\/\/girasolmultimedios.com\/portal\/wp-json\/wp\/v2\/media?parent=4247"}],"wp:term":[{"taxonomy":"category","embeddable":true,"href":"https:\/\/girasolmultimedios.com\/portal\/wp-json\/wp\/v2\/categories?post=4247"},{"taxonomy":"post_tag","embeddable":true,"href":"https:\/\/girasolmultimedios.com\/portal\/wp-json\/wp\/v2\/tags?post=4247"}],"curies":[{"name":"wp","href":"https:\/\/api.w.org\/{rel}","templated":true}]}}