{"id":4250,"date":"2026-02-19T09:27:35","date_gmt":"2026-02-19T15:27:35","guid":{"rendered":"https:\/\/girasolmultimedios.com\/portal\/?p=4250"},"modified":"2026-02-19T09:27:36","modified_gmt":"2026-02-19T15:27:36","slug":"amdc-modernizara-el-transporte-publico","status":"publish","type":"post","link":"https:\/\/girasolmultimedios.com\/portal\/amdc-modernizara-el-transporte-publico\/","title":{"rendered":"AMDC modernizar\u00e1 el transporte p\u00fablico"},"content":{"rendered":"\n<p>Los capitalinos ahora contar\u00e1n con una opci\u00f3n de transporte p\u00fablico, m\u00e1s seguro y actualizado, ya que las autoridades de la Alcald\u00eda Municipal del Distrito Central (AMDC) han puesto en marcha la implementaci\u00f3n de un sistema urbano moderno y eficiente, con el objetivo de mejorar la movilidad y reducir los tiempos de desplazamiento.<\/p>\n\n\n\n<p>El alcalde capitalino, Juan Diego Zelaya, realiz\u00f3 el lanzamiento oficial del proyecto \u201cModernizaci\u00f3n del Transporte P\u00fablico\u201d, en alianza estrat\u00e9gica con el consorcio Inversiones M\u00faltiples y de Transporte S.A. (Invermut) y su operador tecnol\u00f3gico Grupo Visi\u00f3n.<\/p>\n\n\n\n<p>La iniciativa, seg\u00fan el director comercial Latam, \u00d3scar Castro Nazar, tendr\u00eda una inversi\u00f3n aproximada de unos 50 millones de d\u00f3lares.<\/p>\n\n\n\n<p>Por su parte, el edil destac\u00f3 que \u201cestamos comprometidos en darle un mejor servicio al usuario del transporte p\u00fablico, a trav\u00e9s de la tecnolog\u00eda; lo que se est\u00e1 tratando es c\u00f3mo modernizamos y tecnificamos el tema del recaudo\u201d.<\/p>\n","protected":false},"excerpt":{"rendered":"<p>Los capitalinos ahora contar\u00e1n con una opci\u00f3n de transporte p\u00fablico, m\u00e1s seguro y actualizado, ya que las autoridades de la Alcald\u00eda Municipal del Distrito Central (AMDC) han puesto en marcha la implementaci\u00f3n de un sistema urbano moderno y eficiente, con el objetivo de mejorar la movilidad y reducir los tiempos de desplazamiento. El alcalde capitalino, [&hellip;]<\/p>\n","protected":false},"author":2,"featured_media":4251,"comment_status":"closed","ping_status":"open","sticky":false,"template":"","format":"standard","meta":{"_seopress_robots_primary_cat":"","_seopress_titles_title":"","_seopress_titles_desc":"","_seopress_robots_index":"","footnotes":""},"categories":[1],"tags":[],"class_list":["post-4250","post","type-post","status-publish","format-standard","has-post-thumbnail","hentry","category-sin-categoria"],"_links":{"self":[{"href":"https:\/\/girasolmultimedios.com\/portal\/wp-json\/wp\/v2\/posts\/4250","targetHints":{"allow":["GET"]}}],"collection":[{"href":"https:\/\/girasolmultimedios.com\/portal\/wp-json\/wp\/v2\/posts"}],"about":[{"href":"https:\/\/girasolmultimedios.com\/portal\/wp-json\/wp\/v2\/types\/post"}],"author":[{"embeddable":true,"href":"https:\/\/girasolmultimedios.com\/portal\/wp-json\/wp\/v2\/users\/2"}],"replies":[{"embeddable":true,"href":"https:\/\/girasolmultimedios.com\/portal\/wp-json\/wp\/v2\/comments?post=4250"}],"version-history":[{"count":1,"href":"https:\/\/girasolmultimedios.com\/portal\/wp-json\/wp\/v2\/posts\/4250\/revisions"}],"predecessor-version":[{"id":4252,"href":"https:\/\/girasolmultimedios.com\/portal\/wp-json\/wp\/v2\/posts\/4250\/revisions\/4252"}],"wp:featuredmedia":[{"embeddable":true,"href":"https:\/\/girasolmultimedios.com\/portal\/wp-json\/wp\/v2\/media\/4251"}],"wp:attachment":[{"href":"https:\/\/girasolmultimedios.com\/portal\/wp-json\/wp\/v2\/media?parent=4250"}],"wp:term":[{"taxonomy":"category","embeddable":true,"href":"https:\/\/girasolmultimedios.com\/portal\/wp-json\/wp\/v2\/categories?post=4250"},{"taxonomy":"post_tag","embeddable":true,"href":"https:\/\/girasolmultimedios.com\/portal\/wp-json\/wp\/v2\/tags?post=4250"}],"curies":[{"name":"wp","href":"https:\/\/api.w.org\/{rel}","templated":true}]}}