{"id":4253,"date":"2026-02-19T09:30:20","date_gmt":"2026-02-19T15:30:20","guid":{"rendered":"https:\/\/girasolmultimedios.com\/portal\/?p=4253"},"modified":"2026-02-19T09:30:20","modified_gmt":"2026-02-19T15:30:20","slug":"honduras-reduce-el-desempleo-al-614-en-2025","status":"publish","type":"post","link":"https:\/\/girasolmultimedios.com\/portal\/honduras-reduce-el-desempleo-al-614-en-2025\/","title":{"rendered":"Honduras reduce el desempleo al 6,14 % en 2025"},"content":{"rendered":"\n<p>Honduras cerr\u00f3 2025 con una tasa de desempleo del 6,14 %, una ca\u00edda de 1,06 puntos porcentuales respecto al a\u00f1o anterior, pero enfrenta presiones econ\u00f3micas por el estancamiento de los ingresos y el encarecimiento de bienes esenciales, seg\u00fan una encuesta divulgada este mi\u00e9rcoles en Tegucigalpa.<\/p>\n\n\n\n<p>Los resultados de la VIII Encuesta de Econom\u00eda Familiar Multiprop\u00f3sitos, presentada por la Universidad Nacional Aut\u00f3noma de Honduras (UNAH), se\u00f1ala que el pa\u00eds \u00abatraviesa un escenario de recuperaci\u00f3n laboral parcial, pero con fuertes presiones econ\u00f3micas derivadas del estancamiento de ingresos y del aumento sostenido en los costos de bienes y servicios esenciales\u00bb.<\/p>\n\n\n\n<p>El informe, elaborado a partir de una muestra de 10.298 hogares, revela que la tasa de desempleo de Honduras baj\u00f3 de 7,2 % en 2024 a 6,14 % en 2025.<\/p>\n\n\n\n<p>El 67,03 % de los ocupados tiene un empleo asalariado, mientras que el 32,97 % trabaja por cuenta propia, detall\u00f3 el documento, que advierte sobre un \u00abproblema estructural\u00bb, ya que el 40,1 % de los desocupados lleva m\u00e1s de seis meses en busca de una oportunidad laboral, lo que evidencia \u00ablimitaciones\u00bb en la creaci\u00f3n de empleo formal en el pa\u00eds.<\/p>\n","protected":false},"excerpt":{"rendered":"<p>Honduras cerr\u00f3 2025 con una tasa de desempleo del 6,14 %, una ca\u00edda de 1,06 puntos porcentuales respecto al a\u00f1o anterior, pero enfrenta presiones econ\u00f3micas por el estancamiento de los ingresos y el encarecimiento de bienes esenciales, seg\u00fan una encuesta divulgada este mi\u00e9rcoles en Tegucigalpa. Los resultados de la VIII Encuesta de Econom\u00eda Familiar Multiprop\u00f3sitos, [&hellip;]<\/p>\n","protected":false},"author":2,"featured_media":4254,"comment_status":"closed","ping_status":"open","sticky":false,"template":"","format":"standard","meta":{"_seopress_robots_primary_cat":"","_seopress_titles_title":"","_seopress_titles_desc":"","_seopress_robots_index":"","footnotes":""},"categories":[1],"tags":[],"class_list":["post-4253","post","type-post","status-publish","format-standard","has-post-thumbnail","hentry","category-sin-categoria"],"_links":{"self":[{"href":"https:\/\/girasolmultimedios.com\/portal\/wp-json\/wp\/v2\/posts\/4253","targetHints":{"allow":["GET"]}}],"collection":[{"href":"https:\/\/girasolmultimedios.com\/portal\/wp-json\/wp\/v2\/posts"}],"about":[{"href":"https:\/\/girasolmultimedios.com\/portal\/wp-json\/wp\/v2\/types\/post"}],"author":[{"embeddable":true,"href":"https:\/\/girasolmultimedios.com\/portal\/wp-json\/wp\/v2\/users\/2"}],"replies":[{"embeddable":true,"href":"https:\/\/girasolmultimedios.com\/portal\/wp-json\/wp\/v2\/comments?post=4253"}],"version-history":[{"count":1,"href":"https:\/\/girasolmultimedios.com\/portal\/wp-json\/wp\/v2\/posts\/4253\/revisions"}],"predecessor-version":[{"id":4255,"href":"https:\/\/girasolmultimedios.com\/portal\/wp-json\/wp\/v2\/posts\/4253\/revisions\/4255"}],"wp:featuredmedia":[{"embeddable":true,"href":"https:\/\/girasolmultimedios.com\/portal\/wp-json\/wp\/v2\/media\/4254"}],"wp:attachment":[{"href":"https:\/\/girasolmultimedios.com\/portal\/wp-json\/wp\/v2\/media?parent=4253"}],"wp:term":[{"taxonomy":"category","embeddable":true,"href":"https:\/\/girasolmultimedios.com\/portal\/wp-json\/wp\/v2\/categories?post=4253"},{"taxonomy":"post_tag","embeddable":true,"href":"https:\/\/girasolmultimedios.com\/portal\/wp-json\/wp\/v2\/tags?post=4253"}],"curies":[{"name":"wp","href":"https:\/\/api.w.org\/{rel}","templated":true}]}}