{"id":4259,"date":"2026-02-19T09:35:14","date_gmt":"2026-02-19T15:35:14","guid":{"rendered":"https:\/\/girasolmultimedios.com\/portal\/?p=4259"},"modified":"2026-02-19T09:35:14","modified_gmt":"2026-02-19T15:35:14","slug":"deportacion-fue-un-error-hondurena-any-lopez-podra-regresar-a-ee-uu-tras-fallo-judicial","status":"publish","type":"post","link":"https:\/\/girasolmultimedios.com\/portal\/deportacion-fue-un-error-hondurena-any-lopez-podra-regresar-a-ee-uu-tras-fallo-judicial\/","title":{"rendered":"Deportaci\u00f3n fue un error: Hondure\u00f1a Any L\u00f3pez podr\u00e1 regresar a EE.UU. tras fallo judicial"},"content":{"rendered":"\n<p>La estudiante hondure\u00f1a Any Luc\u00eda L\u00f3pez Belloza podr\u00e1 regresar a Estados Unidos luego de que el juez Richard G. Stearns, titular del Distrito de\u00a0Massachusetts, dispusiera que su deportaci\u00f3n fue improcedente, seg\u00fan informaron medios hispanos este mi\u00e9rcoles.<\/p>\n\n\n\n<p>L\u00f3pez Belloza fue deportada a Honduras el 22 de noviembre de 2025, pese a que exist\u00eda una orden judicial vigente que instru\u00eda mantenerla en territorio estadounidense mientras se evaluaba su situaci\u00f3n migratoria.<\/p>\n\n\n\n<h4 class=\"wp-block-heading\"><strong>Detenida cuando viajaba por Acci\u00f3n de Gracias<\/strong><\/h4>\n\n\n\n<p>La joven hab\u00eda sido detenida en el Aeropuerto Logan de Boston cuando planeaba viajar a Texas para sorprender a su familia durante el D\u00eda de Acci\u00f3n de Gracias. Posteriormente fue expulsada del pa\u00eds, en medio del endurecimiento de pol\u00edticas migratorias.<\/p>\n\n\n\n<p>El caso gener\u00f3 controversia luego de que se confirmara que la deportaci\u00f3n vulner\u00f3 una orden expresa emitida por la corte federal para protegerla temporalmente mientras avanzaba el proceso legal.<\/p>\n\n\n\n<h4 class=\"wp-block-heading\"><strong>Trayectoria acad\u00e9mica<\/strong><\/h4>\n\n\n\n<p>L\u00f3pez Belloza lleg\u00f3 a Estados Unidos en 2014 junto a su madre, procedente de M\u00e9xico, sin documentaci\u00f3n migratoria regular. Desde entonces residi\u00f3 en el pa\u00eds, culmin\u00f3 sus estudios secundarios en Texas y obtuvo una beca completa para cursar la carrera de negocios en Babson College, una instituci\u00f3n reconocida en esa especialidad.<\/p>\n\n\n\n<h4 class=\"wp-block-heading\"><strong>Un caso que expone fallas del sistema migratorio<\/strong><\/h4>\n\n\n\n<p>El fallo del juez Stearns pone de relieve las complejidades del sistema migratorio estadounidense y la importancia de la supervisi\u00f3n judicial frente a posibles errores administrativos.<\/p>\n\n\n\n<p>Tras la batalla legal, la estudiante hondure\u00f1a podr\u00e1 retornar a EE.UU. y retomar sus estudios universitarios, cerrando as\u00ed un cap\u00edtulo marcado por la incertidumbre jur\u00eddica y la separaci\u00f3n familiar.<\/p>\n","protected":false},"excerpt":{"rendered":"<p>La estudiante hondure\u00f1a Any Luc\u00eda L\u00f3pez Belloza podr\u00e1 regresar a Estados Unidos luego de que el juez Richard G. Stearns, titular del Distrito de\u00a0Massachusetts, dispusiera que su deportaci\u00f3n fue improcedente, seg\u00fan informaron medios hispanos este mi\u00e9rcoles. L\u00f3pez Belloza fue deportada a Honduras el 22 de noviembre de 2025, pese a que exist\u00eda una orden judicial [&hellip;]<\/p>\n","protected":false},"author":2,"featured_media":4260,"comment_status":"closed","ping_status":"open","sticky":false,"template":"","format":"standard","meta":{"_seopress_robots_primary_cat":"","_seopress_titles_title":"","_seopress_titles_desc":"","_seopress_robots_index":"","footnotes":""},"categories":[1],"tags":[],"class_list":["post-4259","post","type-post","status-publish","format-standard","has-post-thumbnail","hentry","category-sin-categoria"],"_links":{"self":[{"href":"https:\/\/girasolmultimedios.com\/portal\/wp-json\/wp\/v2\/posts\/4259","targetHints":{"allow":["GET"]}}],"collection":[{"href":"https:\/\/girasolmultimedios.com\/portal\/wp-json\/wp\/v2\/posts"}],"about":[{"href":"https:\/\/girasolmultimedios.com\/portal\/wp-json\/wp\/v2\/types\/post"}],"author":[{"embeddable":true,"href":"https:\/\/girasolmultimedios.com\/portal\/wp-json\/wp\/v2\/users\/2"}],"replies":[{"embeddable":true,"href":"https:\/\/girasolmultimedios.com\/portal\/wp-json\/wp\/v2\/comments?post=4259"}],"version-history":[{"count":1,"href":"https:\/\/girasolmultimedios.com\/portal\/wp-json\/wp\/v2\/posts\/4259\/revisions"}],"predecessor-version":[{"id":4261,"href":"https:\/\/girasolmultimedios.com\/portal\/wp-json\/wp\/v2\/posts\/4259\/revisions\/4261"}],"wp:featuredmedia":[{"embeddable":true,"href":"https:\/\/girasolmultimedios.com\/portal\/wp-json\/wp\/v2\/media\/4260"}],"wp:attachment":[{"href":"https:\/\/girasolmultimedios.com\/portal\/wp-json\/wp\/v2\/media?parent=4259"}],"wp:term":[{"taxonomy":"category","embeddable":true,"href":"https:\/\/girasolmultimedios.com\/portal\/wp-json\/wp\/v2\/categories?post=4259"},{"taxonomy":"post_tag","embeddable":true,"href":"https:\/\/girasolmultimedios.com\/portal\/wp-json\/wp\/v2\/tags?post=4259"}],"curies":[{"name":"wp","href":"https:\/\/api.w.org\/{rel}","templated":true}]}}