{"id":4262,"date":"2026-02-19T09:40:30","date_gmt":"2026-02-19T15:40:30","guid":{"rendered":"https:\/\/girasolmultimedios.com\/portal\/?p=4262"},"modified":"2026-02-19T09:40:31","modified_gmt":"2026-02-19T15:40:31","slug":"comision-iniciara-socializacion-de-ley-de-empleo-parcial-el-25-de-febrero","status":"publish","type":"post","link":"https:\/\/girasolmultimedios.com\/portal\/comision-iniciara-socializacion-de-ley-de-empleo-parcial-el-25-de-febrero\/","title":{"rendered":"Comisi\u00f3n iniciar\u00e1 socializaci\u00f3n de Ley de Empleo Parcial el 25 de febrero"},"content":{"rendered":"\n<p>El diputado del Partido Liberal de Honduras, Emilio Cruz, inform\u00f3 que la comisi\u00f3n especial encargada de dictaminar la Ley de Empleo Parcial ya defini\u00f3 una calendarizaci\u00f3n para iniciar el proceso de socializaci\u00f3n el pr\u00f3ximo mi\u00e9rcoles 25 a las 9:00 de la ma\u00f1ana.<\/p>\n\n\n\n<p>La iniciativa ser\u00e1 discutida en el seno del Congreso Nacional de Honduras y contempla al menos cinco audiencias p\u00fablicas, comenzando con el sector obrero, para recoger observaciones y aportes que permitan fortalecer el proyecto antes de emitir el dictamen final.<\/p>\n\n\n\n<h4 class=\"wp-block-heading\"><strong>Participaci\u00f3n de diversos sectores<\/strong><\/h4>\n\n\n\n<p>Seg\u00fan explic\u00f3 Cruz, el texto ser\u00e1 socializado tambi\u00e9n con el sector privado, la Secretar\u00eda de Trabajo, el Instituto Hondure\u00f1o de Seguridad Social (IHSS), la Secretar\u00eda de Finanzas y otros actores vinculados.<\/p>\n\n\n\n<p>\u201cEl texto ha sido fortalecido tomando en cuenta que primero debemos proteger a los trabajadores\u201d, subray\u00f3 el legislador.<\/p>\n\n\n\n<p>Garant\u00edas incluidas en la propuesta<\/p>\n\n\n\n<p>El diputado detall\u00f3 que el proyecto garantiza:<\/p>\n\n\n\n<p>Acceso efectivo a la seguridad social.<\/p>\n\n\n\n<p>Protecci\u00f3n contra abusos laborales.<\/p>\n\n\n\n<p>Prohibici\u00f3n de conversiones forzosas de jornada completa a parcial.<\/p>\n\n\n\n<p>Acceso al r\u00e9gimen de aportaciones privadas y al Instituto Nacional de Formaci\u00f3n Profesional (INFOP).<\/p>\n\n\n\n<h4 class=\"wp-block-heading\"><strong>Respeto al principio de estabilidad laboral.<\/strong><\/h4>\n\n\n\n<p>Cruz record\u00f3 que las disposiciones del C\u00f3digo del Trabajo sobre contratos por tiempo indefinido o limitado, vigentes desde 1959 \u2014especialmente el art\u00edculo 47\u2014 se mantienen intactas dentro del proyecto.<\/p>\n\n\n\n<p>Aplicaci\u00f3n exclusiva al sector privado<\/p>\n\n\n\n<p>El congresista aclar\u00f3 que la iniciativa est\u00e1 dirigida \u00fanicamente al sector privado y no contempla su aplicaci\u00f3n en el sector p\u00fablico.<\/p>\n\n\n\n<p>Finalmente, asegur\u00f3 que la comisi\u00f3n se tomar\u00e1 \u201cel tiempo necesario y suficiente\u201d para debatir ampliamente la propuesta antes de emitir el dictamen definitivo.<\/p>\n","protected":false},"excerpt":{"rendered":"<p>El diputado del Partido Liberal de Honduras, Emilio Cruz, inform\u00f3 que la comisi\u00f3n especial encargada de dictaminar la Ley de Empleo Parcial ya defini\u00f3 una calendarizaci\u00f3n para iniciar el proceso de socializaci\u00f3n el pr\u00f3ximo mi\u00e9rcoles 25 a las 9:00 de la ma\u00f1ana. La iniciativa ser\u00e1 discutida en el seno del Congreso Nacional de Honduras y [&hellip;]<\/p>\n","protected":false},"author":2,"featured_media":4263,"comment_status":"closed","ping_status":"open","sticky":false,"template":"","format":"standard","meta":{"_seopress_robots_primary_cat":"","_seopress_titles_title":"","_seopress_titles_desc":"","_seopress_robots_index":"","footnotes":""},"categories":[1],"tags":[],"class_list":["post-4262","post","type-post","status-publish","format-standard","has-post-thumbnail","hentry","category-sin-categoria"],"_links":{"self":[{"href":"https:\/\/girasolmultimedios.com\/portal\/wp-json\/wp\/v2\/posts\/4262","targetHints":{"allow":["GET"]}}],"collection":[{"href":"https:\/\/girasolmultimedios.com\/portal\/wp-json\/wp\/v2\/posts"}],"about":[{"href":"https:\/\/girasolmultimedios.com\/portal\/wp-json\/wp\/v2\/types\/post"}],"author":[{"embeddable":true,"href":"https:\/\/girasolmultimedios.com\/portal\/wp-json\/wp\/v2\/users\/2"}],"replies":[{"embeddable":true,"href":"https:\/\/girasolmultimedios.com\/portal\/wp-json\/wp\/v2\/comments?post=4262"}],"version-history":[{"count":1,"href":"https:\/\/girasolmultimedios.com\/portal\/wp-json\/wp\/v2\/posts\/4262\/revisions"}],"predecessor-version":[{"id":4264,"href":"https:\/\/girasolmultimedios.com\/portal\/wp-json\/wp\/v2\/posts\/4262\/revisions\/4264"}],"wp:featuredmedia":[{"embeddable":true,"href":"https:\/\/girasolmultimedios.com\/portal\/wp-json\/wp\/v2\/media\/4263"}],"wp:attachment":[{"href":"https:\/\/girasolmultimedios.com\/portal\/wp-json\/wp\/v2\/media?parent=4262"}],"wp:term":[{"taxonomy":"category","embeddable":true,"href":"https:\/\/girasolmultimedios.com\/portal\/wp-json\/wp\/v2\/categories?post=4262"},{"taxonomy":"post_tag","embeddable":true,"href":"https:\/\/girasolmultimedios.com\/portal\/wp-json\/wp\/v2\/tags?post=4262"}],"curies":[{"name":"wp","href":"https:\/\/api.w.org\/{rel}","templated":true}]}}