{"id":4265,"date":"2026-02-19T09:42:43","date_gmt":"2026-02-19T15:42:43","guid":{"rendered":"https:\/\/girasolmultimedios.com\/portal\/?p=4265"},"modified":"2026-02-19T09:42:43","modified_gmt":"2026-02-19T15:42:43","slug":"trump-recibe-a-representantes-de-mas-de-40-paises-en-primera-reunion-de-su-junta-de-paz","status":"publish","type":"post","link":"https:\/\/girasolmultimedios.com\/portal\/trump-recibe-a-representantes-de-mas-de-40-paises-en-primera-reunion-de-su-junta-de-paz\/","title":{"rendered":"Trump recibe a representantes de m\u00e1s de 40 pa\u00edses en primera reuni\u00f3n de su Junta de Paz"},"content":{"rendered":"\n<p>El presidente de EE.UU., Donald Trump, recibi\u00f3 este jueves a l\u00edderes y representantes de m\u00e1s de 40 pa\u00edses que llegaron a Washington para participar en calidad de miembros y observadores en la primera reuni\u00f3n de la Junta de Paz impulsada por el republicano para resolver conflictos, empezando por el de Gaza.<\/p>\n\n\n\n<p>\u00abCreo que es la junta directiva m\u00e1s importante, sin duda en t\u00e9rminos de poder y prestigio. Nunca ha habido nada parecido, porque estos son los l\u00edderes mundiales m\u00e1s importantes\u00bb, dijo Trump al abrir la cita.<\/p>\n\n\n\n<p>Los presidentes de Argentina, Javier Milei; de Paraguay, Santiago Pe\u00f1a, y de Hungr\u00eda, Viktor Orb\u00e1n, asisten a la reuni\u00f3n, con sede en el Instituto de Paz de Washington, recientemente rebautizado con el nombre del l\u00edder republicano.<\/p>\n\n\n\n<p>Otros participantes incluyen al mandatario indonesio, Prabowo Subianto, y los l\u00edderes de Camboya, Hun Manet; y de Vietnam, To Lam, as\u00ed como representantes de Arabia Saud\u00ed, Indonesia, Emiratos \u00c1rabes Unidos, Turqu\u00eda, Uzbekist\u00e1n, Arabia Saudita, Catar, Pakist\u00e1n, Marruecos, Kuwait, Jordania, Bielorrusia, Bulgaria y Kosovo.<\/p>\n\n\n\n<p>A su llegada, el mandatario estadounidense salud\u00f3 a los asistentes acompa\u00f1ado por el vicepresidente, JD Vance, el secretario de Estado, Marco Rubio, su jefa de Gabinete, Susie Wiles, as\u00ed como los enviados especiales Steve Witkoff y su yerno, Jared Kushner.<\/p>\n\n\n\n<p>\u00abCreo que deber\u00edamos sonre\u00edr\u00bb, dijo Trump en tono de broma mientras se tomaba una foto grupal.<\/p>\n\n\n\n<p>Se espera que tambi\u00e9n tomen la palabra Rubio y Vance.<\/p>\n\n\n\n<p>El primer ministro israel\u00ed, Benjam\u00edn Netanyahu, no estar\u00e1 presente en la capital estadounidense en su representaci\u00f3n de su pa\u00eds y en su lugar enviar\u00e1 al ministro de Exteriores, Gideon Saar.<\/p>\n","protected":false},"excerpt":{"rendered":"<p>El presidente de EE.UU., Donald Trump, recibi\u00f3 este jueves a l\u00edderes y representantes de m\u00e1s de 40 pa\u00edses que llegaron a Washington para participar en calidad de miembros y observadores en la primera reuni\u00f3n de la Junta de Paz impulsada por el republicano para resolver conflictos, empezando por el de Gaza. \u00abCreo que es la [&hellip;]<\/p>\n","protected":false},"author":2,"featured_media":4266,"comment_status":"closed","ping_status":"open","sticky":false,"template":"","format":"standard","meta":{"_seopress_robots_primary_cat":"","_seopress_titles_title":"","_seopress_titles_desc":"","_seopress_robots_index":"","footnotes":""},"categories":[1],"tags":[],"class_list":["post-4265","post","type-post","status-publish","format-standard","has-post-thumbnail","hentry","category-sin-categoria"],"_links":{"self":[{"href":"https:\/\/girasolmultimedios.com\/portal\/wp-json\/wp\/v2\/posts\/4265","targetHints":{"allow":["GET"]}}],"collection":[{"href":"https:\/\/girasolmultimedios.com\/portal\/wp-json\/wp\/v2\/posts"}],"about":[{"href":"https:\/\/girasolmultimedios.com\/portal\/wp-json\/wp\/v2\/types\/post"}],"author":[{"embeddable":true,"href":"https:\/\/girasolmultimedios.com\/portal\/wp-json\/wp\/v2\/users\/2"}],"replies":[{"embeddable":true,"href":"https:\/\/girasolmultimedios.com\/portal\/wp-json\/wp\/v2\/comments?post=4265"}],"version-history":[{"count":1,"href":"https:\/\/girasolmultimedios.com\/portal\/wp-json\/wp\/v2\/posts\/4265\/revisions"}],"predecessor-version":[{"id":4267,"href":"https:\/\/girasolmultimedios.com\/portal\/wp-json\/wp\/v2\/posts\/4265\/revisions\/4267"}],"wp:featuredmedia":[{"embeddable":true,"href":"https:\/\/girasolmultimedios.com\/portal\/wp-json\/wp\/v2\/media\/4266"}],"wp:attachment":[{"href":"https:\/\/girasolmultimedios.com\/portal\/wp-json\/wp\/v2\/media?parent=4265"}],"wp:term":[{"taxonomy":"category","embeddable":true,"href":"https:\/\/girasolmultimedios.com\/portal\/wp-json\/wp\/v2\/categories?post=4265"},{"taxonomy":"post_tag","embeddable":true,"href":"https:\/\/girasolmultimedios.com\/portal\/wp-json\/wp\/v2\/tags?post=4265"}],"curies":[{"name":"wp","href":"https:\/\/api.w.org\/{rel}","templated":true}]}}