{"id":4268,"date":"2026-02-19T09:46:35","date_gmt":"2026-02-19T15:46:35","guid":{"rendered":"https:\/\/girasolmultimedios.com\/portal\/?p=4268"},"modified":"2026-02-19T09:46:36","modified_gmt":"2026-02-19T15:46:36","slug":"motociclista-muere-en-fuerte-accidente-de-transito-en-cortes","status":"publish","type":"post","link":"https:\/\/girasolmultimedios.com\/portal\/motociclista-muere-en-fuerte-accidente-de-transito-en-cortes\/","title":{"rendered":"Motociclista muere en fuerte accidente de tr\u00e1nsito en Cort\u00e9s"},"content":{"rendered":"\n<p>Un lamentable accidente de tr\u00e1nsito cobr\u00f3 la vida de un motociclista la ma\u00f1ana de este mi\u00e9rcoles en la carretera que comunica Villanueva con San Pedro Sula, a escasos metros del Puente de Chamelec\u00f3n, en el departamento de Cort\u00e9s.<\/p>\n\n\n\n<p>La v\u00edctima, identificada preliminarmente como Elmer, se desplazaba en su motocicleta con direcci\u00f3n a su lugar de trabajo cuando, seg\u00fan el testimonio de varios testigos presenciales, una rastra le habr\u00eda arrebatado el derecho de v\u00eda.<\/p>\n\n\n\n<p>Posteriormente, el pesado veh\u00edculo le pas\u00f3 por encima con sus llantas, ocasion\u00e1ndole lesiones de extrema gravedad que le provocaron la muerte en el lugar de los hechos.<\/p>\n\n\n\n<p>Elementos de la Direcci\u00f3n Nacional de Vialidad y Transporte (DNVT), junto con personal de Medicina Forense, acudieron al sitio para realizar las diligencias correspondientes, levantar el cuerpo y trasladarlo a la morgue de San Pedro Sula, donde se le practicar\u00e1 la autopsia de rigor para determinar las causas exactas del deceso.<\/p>\n\n\n\n<p>Hasta el momento, las autoridades no han proporcionado la identidad completa ni la edad de la v\u00edctima, a la espera de la notificaci\u00f3n a sus familiares.<\/p>\n\n\n\n<p>Este nuevo siniestro vial se suma a la preocupante lista de accidentes que involucran a motociclistas en las principales carreteras del departamento de Cort\u00e9s, donde el exceso de velocidad, la imprudencia de conductores de veh\u00edculos pesados y la falta de respeto a las normas de tr\u00e1nsito contin\u00faan cobrando vidas.<\/p>\n\n\n\n<p>Las autoridades hacen un en\u00e9rgico llamado a todos los conductores \u2014en especial a los de transporte pesado\u2014 a respetar las se\u00f1ales de tr\u00e1nsito, mantener la distancia adecuada y ceder el paso cuando corresponda, con el fin de evitar m\u00e1s tragedias en las v\u00edas.<\/p>\n","protected":false},"excerpt":{"rendered":"<p>Un lamentable accidente de tr\u00e1nsito cobr\u00f3 la vida de un motociclista la ma\u00f1ana de este mi\u00e9rcoles en la carretera que comunica Villanueva con San Pedro Sula, a escasos metros del Puente de Chamelec\u00f3n, en el departamento de Cort\u00e9s. La v\u00edctima, identificada preliminarmente como Elmer, se desplazaba en su motocicleta con direcci\u00f3n a su lugar de [&hellip;]<\/p>\n","protected":false},"author":2,"featured_media":4269,"comment_status":"closed","ping_status":"open","sticky":false,"template":"","format":"standard","meta":{"_seopress_robots_primary_cat":"","_seopress_titles_title":"","_seopress_titles_desc":"","_seopress_robots_index":"","footnotes":""},"categories":[1],"tags":[],"class_list":["post-4268","post","type-post","status-publish","format-standard","has-post-thumbnail","hentry","category-sin-categoria"],"_links":{"self":[{"href":"https:\/\/girasolmultimedios.com\/portal\/wp-json\/wp\/v2\/posts\/4268","targetHints":{"allow":["GET"]}}],"collection":[{"href":"https:\/\/girasolmultimedios.com\/portal\/wp-json\/wp\/v2\/posts"}],"about":[{"href":"https:\/\/girasolmultimedios.com\/portal\/wp-json\/wp\/v2\/types\/post"}],"author":[{"embeddable":true,"href":"https:\/\/girasolmultimedios.com\/portal\/wp-json\/wp\/v2\/users\/2"}],"replies":[{"embeddable":true,"href":"https:\/\/girasolmultimedios.com\/portal\/wp-json\/wp\/v2\/comments?post=4268"}],"version-history":[{"count":1,"href":"https:\/\/girasolmultimedios.com\/portal\/wp-json\/wp\/v2\/posts\/4268\/revisions"}],"predecessor-version":[{"id":4270,"href":"https:\/\/girasolmultimedios.com\/portal\/wp-json\/wp\/v2\/posts\/4268\/revisions\/4270"}],"wp:featuredmedia":[{"embeddable":true,"href":"https:\/\/girasolmultimedios.com\/portal\/wp-json\/wp\/v2\/media\/4269"}],"wp:attachment":[{"href":"https:\/\/girasolmultimedios.com\/portal\/wp-json\/wp\/v2\/media?parent=4268"}],"wp:term":[{"taxonomy":"category","embeddable":true,"href":"https:\/\/girasolmultimedios.com\/portal\/wp-json\/wp\/v2\/categories?post=4268"},{"taxonomy":"post_tag","embeddable":true,"href":"https:\/\/girasolmultimedios.com\/portal\/wp-json\/wp\/v2\/tags?post=4268"}],"curies":[{"name":"wp","href":"https:\/\/api.w.org\/{rel}","templated":true}]}}