{"id":4274,"date":"2026-02-19T09:51:27","date_gmt":"2026-02-19T15:51:27","guid":{"rendered":"https:\/\/girasolmultimedios.com\/portal\/?p=4274"},"modified":"2026-02-19T09:51:27","modified_gmt":"2026-02-19T15:51:27","slug":"cn-busca-visualizar-necesidades-y-retos-de-pueblos-originarios","status":"publish","type":"post","link":"https:\/\/girasolmultimedios.com\/portal\/cn-busca-visualizar-necesidades-y-retos-de-pueblos-originarios\/","title":{"rendered":"CN busca visualizar necesidades y retos de pueblos originarios"},"content":{"rendered":"\n<p>La vicepresidenta del Congreso Nacional, Erika Urtecho, sostuvo una reuni\u00f3n con representantes de los pueblos originarios que integran la Comisi\u00f3n Defensora de Derechos Humanos, con el prop\u00f3sito de analizar la situaci\u00f3n actual de los derechos de las comunidades ind\u00edgenas en Honduras.<\/p>\n\n\n\n<p>Durante el encuentro, los l\u00edderes ind\u00edgenas, acompa\u00f1ados por profesionales del Derecho, defensores de derechos humanos y comunicadores, expusieron las principales problem\u00e1ticas que enfrentan sus comunidades, entre ellas la falta de acceso a servicios b\u00e1sicos, la discriminaci\u00f3n hist\u00f3rica y la ausencia de pol\u00edticas p\u00fablicas que garanticen su desarrollo integral.<\/p>\n\n\n\n<p>Los representantes se\u00f1alaron que, en gobiernos anteriores, sus demandas fueron ignoradas, lo que profundiz\u00f3 las brechas sociales y econ\u00f3micas.<\/p>\n\n\n\n<p>En este contexto, solicitaron al Congreso Nacional abrir espacios de di\u00e1logo permanentes que permitan visibilizar sus necesidades y retos, as\u00ed como impulsar leyes que protejan sus territorios, culturas y formas de organizaci\u00f3n.<\/p>\n\n\n\n<p>La vicepresidenta Urtecho destac\u00f3 la importancia de escuchar directamente a los pueblos originarios y asegur\u00f3 que el Legislativo est\u00e1 comprometido en promover iniciativas que fortalezcan la inclusi\u00f3n y el respeto a la diversidad cultural.<\/p>\n\n\n\n<p>\u201cEl Congreso Nacional debe ser un puente para que las voces de los pueblos ind\u00edgenas sean escuchadas y sus derechos plenamente reconocidos\u201d, afirm\u00f3.<\/p>\n\n\n\n<p>En la reuni\u00f3n tambi\u00e9n se abord\u00f3 la necesidad de garantizar la participaci\u00f3n de los pueblos originarios en la toma de decisiones, especialmente en temas relacionados con el medio ambiente, la educaci\u00f3n y la salud.<\/p>\n\n\n\n<p>Los l\u00edderes insistieron en que la defensa de sus derechos es inseparable de la protecci\u00f3n de los recursos naturales y de la preservaci\u00f3n de sus tradiciones.<\/p>\n\n\n\n<p>El encuentro marca un paso relevante hacia la construcci\u00f3n de un di\u00e1logo intercultural que busca fortalecer la democracia hondure\u00f1a y avanzar en la defensa de los derechos humanos de las comunidades ind\u00edgenas, hist\u00f3ricamente marginadas.<\/p>\n","protected":false},"excerpt":{"rendered":"<p>La vicepresidenta del Congreso Nacional, Erika Urtecho, sostuvo una reuni\u00f3n con representantes de los pueblos originarios que integran la Comisi\u00f3n Defensora de Derechos Humanos, con el prop\u00f3sito de analizar la situaci\u00f3n actual de los derechos de las comunidades ind\u00edgenas en Honduras. Durante el encuentro, los l\u00edderes ind\u00edgenas, acompa\u00f1ados por profesionales del Derecho, defensores de derechos [&hellip;]<\/p>\n","protected":false},"author":2,"featured_media":4275,"comment_status":"closed","ping_status":"open","sticky":false,"template":"","format":"standard","meta":{"_seopress_robots_primary_cat":"","_seopress_titles_title":"","_seopress_titles_desc":"","_seopress_robots_index":"","footnotes":""},"categories":[1],"tags":[],"class_list":["post-4274","post","type-post","status-publish","format-standard","has-post-thumbnail","hentry","category-sin-categoria"],"_links":{"self":[{"href":"https:\/\/girasolmultimedios.com\/portal\/wp-json\/wp\/v2\/posts\/4274","targetHints":{"allow":["GET"]}}],"collection":[{"href":"https:\/\/girasolmultimedios.com\/portal\/wp-json\/wp\/v2\/posts"}],"about":[{"href":"https:\/\/girasolmultimedios.com\/portal\/wp-json\/wp\/v2\/types\/post"}],"author":[{"embeddable":true,"href":"https:\/\/girasolmultimedios.com\/portal\/wp-json\/wp\/v2\/users\/2"}],"replies":[{"embeddable":true,"href":"https:\/\/girasolmultimedios.com\/portal\/wp-json\/wp\/v2\/comments?post=4274"}],"version-history":[{"count":1,"href":"https:\/\/girasolmultimedios.com\/portal\/wp-json\/wp\/v2\/posts\/4274\/revisions"}],"predecessor-version":[{"id":4276,"href":"https:\/\/girasolmultimedios.com\/portal\/wp-json\/wp\/v2\/posts\/4274\/revisions\/4276"}],"wp:featuredmedia":[{"embeddable":true,"href":"https:\/\/girasolmultimedios.com\/portal\/wp-json\/wp\/v2\/media\/4275"}],"wp:attachment":[{"href":"https:\/\/girasolmultimedios.com\/portal\/wp-json\/wp\/v2\/media?parent=4274"}],"wp:term":[{"taxonomy":"category","embeddable":true,"href":"https:\/\/girasolmultimedios.com\/portal\/wp-json\/wp\/v2\/categories?post=4274"},{"taxonomy":"post_tag","embeddable":true,"href":"https:\/\/girasolmultimedios.com\/portal\/wp-json\/wp\/v2\/tags?post=4274"}],"curies":[{"name":"wp","href":"https:\/\/api.w.org\/{rel}","templated":true}]}}