{"id":4277,"date":"2026-02-19T09:52:59","date_gmt":"2026-02-19T15:52:59","guid":{"rendered":"https:\/\/girasolmultimedios.com\/portal\/?p=4277"},"modified":"2026-02-19T09:52:59","modified_gmt":"2026-02-19T15:52:59","slug":"abren-mesa-de-trabajo-con-alcaldes-de-intibuca-y-valle","status":"publish","type":"post","link":"https:\/\/girasolmultimedios.com\/portal\/abren-mesa-de-trabajo-con-alcaldes-de-intibuca-y-valle\/","title":{"rendered":"Abren mesa de trabajo con alcaldes de Intibuc\u00e1 y Valle"},"content":{"rendered":"\n<p>El presidente del Congreso Nacional, Tom\u00e1s Zambrano, sostuvo una serie de reuniones de trabajo con alcaldes de los departamentos de Intibuc\u00e1 y Valle, para consolidar una mesa de coordinaci\u00f3n institucional que permita atender las necesidades prioritarias de ambas regiones.<\/p>\n\n\n\n<p>El objetivo central de estos encuentros es avanzar en la elaboraci\u00f3n de una agenda conjunta que favorezca el desarrollo local y mejore la calidad de vida de las comunidades.<\/p>\n\n\n\n<p>Durante las sesiones, los representantes municipales detallaron las principales carencias de sus territorios, haciendo \u00e9nfasis en proyectos urgentes de infraestructura, la implementaci\u00f3n de programas de desarrollo social, la generaci\u00f3n de oportunidades de empleo y la atracci\u00f3n de inversi\u00f3n.<\/p>\n\n\n\n<p>Asimismo, plantearon la necesidad de ampliar y optimizar el acceso a servicios b\u00e1sicos como agua potable, electricidad y saneamiento, aspectos considerados esenciales para el progreso sostenido de las localidades.<\/p>\n\n\n\n<p>Zambrano reiter\u00f3 el compromiso del Legislativo de brindar apoyo institucional y facilitar los mecanismos necesarios para la ejecuci\u00f3n de iniciativas que respondan a las demandas municipales.<\/p>\n\n\n\n<p>Se\u00f1al\u00f3 que la articulaci\u00f3n entre el Congreso y las corporaciones municipales es fundamental para impulsar pol\u00edticas p\u00fablicas efectivas y sostenibles.<\/p>\n\n\n\n<p>Como resultado de las reuniones, se acord\u00f3 la conformaci\u00f3n de una mesa t\u00e9cnica que dar\u00e1 seguimiento a las propuestas presentadas y programar\u00e1 acciones concretas en coordinaci\u00f3n con las autoridades locales.<\/p>\n\n\n\n<p>La medida busca garantizar que las gestiones se traduzcan en soluciones tangibles para la poblaci\u00f3n.<\/p>\n","protected":false},"excerpt":{"rendered":"<p>El presidente del Congreso Nacional, Tom\u00e1s Zambrano, sostuvo una serie de reuniones de trabajo con alcaldes de los departamentos de Intibuc\u00e1 y Valle, para consolidar una mesa de coordinaci\u00f3n institucional que permita atender las necesidades prioritarias de ambas regiones. El objetivo central de estos encuentros es avanzar en la elaboraci\u00f3n de una agenda conjunta que [&hellip;]<\/p>\n","protected":false},"author":2,"featured_media":4278,"comment_status":"closed","ping_status":"open","sticky":false,"template":"","format":"standard","meta":{"_seopress_robots_primary_cat":"","_seopress_titles_title":"","_seopress_titles_desc":"","_seopress_robots_index":"","footnotes":""},"categories":[1],"tags":[],"class_list":["post-4277","post","type-post","status-publish","format-standard","has-post-thumbnail","hentry","category-sin-categoria"],"_links":{"self":[{"href":"https:\/\/girasolmultimedios.com\/portal\/wp-json\/wp\/v2\/posts\/4277","targetHints":{"allow":["GET"]}}],"collection":[{"href":"https:\/\/girasolmultimedios.com\/portal\/wp-json\/wp\/v2\/posts"}],"about":[{"href":"https:\/\/girasolmultimedios.com\/portal\/wp-json\/wp\/v2\/types\/post"}],"author":[{"embeddable":true,"href":"https:\/\/girasolmultimedios.com\/portal\/wp-json\/wp\/v2\/users\/2"}],"replies":[{"embeddable":true,"href":"https:\/\/girasolmultimedios.com\/portal\/wp-json\/wp\/v2\/comments?post=4277"}],"version-history":[{"count":1,"href":"https:\/\/girasolmultimedios.com\/portal\/wp-json\/wp\/v2\/posts\/4277\/revisions"}],"predecessor-version":[{"id":4279,"href":"https:\/\/girasolmultimedios.com\/portal\/wp-json\/wp\/v2\/posts\/4277\/revisions\/4279"}],"wp:featuredmedia":[{"embeddable":true,"href":"https:\/\/girasolmultimedios.com\/portal\/wp-json\/wp\/v2\/media\/4278"}],"wp:attachment":[{"href":"https:\/\/girasolmultimedios.com\/portal\/wp-json\/wp\/v2\/media?parent=4277"}],"wp:term":[{"taxonomy":"category","embeddable":true,"href":"https:\/\/girasolmultimedios.com\/portal\/wp-json\/wp\/v2\/categories?post=4277"},{"taxonomy":"post_tag","embeddable":true,"href":"https:\/\/girasolmultimedios.com\/portal\/wp-json\/wp\/v2\/tags?post=4277"}],"curies":[{"name":"wp","href":"https:\/\/api.w.org\/{rel}","templated":true}]}}