{"id":4283,"date":"2026-02-20T09:45:29","date_gmt":"2026-02-20T15:45:29","guid":{"rendered":"https:\/\/girasolmultimedios.com\/portal\/?p=4283"},"modified":"2026-02-20T09:45:30","modified_gmt":"2026-02-20T15:45:30","slug":"toman-sede-del-mp-en-catacamas-y-reclaman-agilizacion-de-procesos","status":"publish","type":"post","link":"https:\/\/girasolmultimedios.com\/portal\/toman-sede-del-mp-en-catacamas-y-reclaman-agilizacion-de-procesos\/","title":{"rendered":"Toman sede del MP en Catacamas y reclaman agilizaci\u00f3n de procesos"},"content":{"rendered":"\n<p>Un grupo de abogados se tom\u00f3 este viernes las instalaciones del Ministerio P\u00fablico (MP) en Catacamas, departamento de Olancho, en protesta por la mora judicial que \u2014seg\u00fan denunciaron\u2014 mantiene paralizados numerosos expedientes en esa jurisdicci\u00f3n.<\/p>\n\n\n\n<p>Los profesionales del derecho exigen la asignaci\u00f3n urgente de m\u00e1s fiscales para agilizar los procesos y garantizar una respuesta oportuna a la ciudadan\u00eda, se\u00f1alando que el retraso en los casos afecta tanto a v\u00edctimas como a imputados.<\/p>\n\n\n\n<p>La manifestaci\u00f3n se produce en medio del reciente anuncio oficial del Ministerio P\u00fablico, realizado el 20 de febrero, en el que inform\u00f3 que se encuentra en la fase final del proceso de incorporaci\u00f3n de 60 nuevos fiscales a nivel nacional.<\/p>\n\n\n\n<p>De acuerdo con el comunicado institucional, los nuevos funcionarios fueron seleccionados bajo criterios t\u00e9cnicos y \u00e9ticos, y su inducci\u00f3n iniciar\u00e1 el pr\u00f3ximo 2 de marzo, paso previo a su integraci\u00f3n plena en las distintas fiscal\u00edas del pa\u00eds.<\/p>\n","protected":false},"excerpt":{"rendered":"<p>Un grupo de abogados se tom\u00f3 este viernes las instalaciones del Ministerio P\u00fablico (MP) en Catacamas, departamento de Olancho, en protesta por la mora judicial que \u2014seg\u00fan denunciaron\u2014 mantiene paralizados numerosos expedientes en esa jurisdicci\u00f3n. Los profesionales del derecho exigen la asignaci\u00f3n urgente de m\u00e1s fiscales para agilizar los procesos y garantizar una respuesta oportuna [&hellip;]<\/p>\n","protected":false},"author":2,"featured_media":4284,"comment_status":"closed","ping_status":"open","sticky":false,"template":"","format":"standard","meta":{"_seopress_robots_primary_cat":"","_seopress_titles_title":"","_seopress_titles_desc":"","_seopress_robots_index":"","footnotes":""},"categories":[1],"tags":[],"class_list":["post-4283","post","type-post","status-publish","format-standard","has-post-thumbnail","hentry","category-sin-categoria"],"_links":{"self":[{"href":"https:\/\/girasolmultimedios.com\/portal\/wp-json\/wp\/v2\/posts\/4283","targetHints":{"allow":["GET"]}}],"collection":[{"href":"https:\/\/girasolmultimedios.com\/portal\/wp-json\/wp\/v2\/posts"}],"about":[{"href":"https:\/\/girasolmultimedios.com\/portal\/wp-json\/wp\/v2\/types\/post"}],"author":[{"embeddable":true,"href":"https:\/\/girasolmultimedios.com\/portal\/wp-json\/wp\/v2\/users\/2"}],"replies":[{"embeddable":true,"href":"https:\/\/girasolmultimedios.com\/portal\/wp-json\/wp\/v2\/comments?post=4283"}],"version-history":[{"count":1,"href":"https:\/\/girasolmultimedios.com\/portal\/wp-json\/wp\/v2\/posts\/4283\/revisions"}],"predecessor-version":[{"id":4285,"href":"https:\/\/girasolmultimedios.com\/portal\/wp-json\/wp\/v2\/posts\/4283\/revisions\/4285"}],"wp:featuredmedia":[{"embeddable":true,"href":"https:\/\/girasolmultimedios.com\/portal\/wp-json\/wp\/v2\/media\/4284"}],"wp:attachment":[{"href":"https:\/\/girasolmultimedios.com\/portal\/wp-json\/wp\/v2\/media?parent=4283"}],"wp:term":[{"taxonomy":"category","embeddable":true,"href":"https:\/\/girasolmultimedios.com\/portal\/wp-json\/wp\/v2\/categories?post=4283"},{"taxonomy":"post_tag","embeddable":true,"href":"https:\/\/girasolmultimedios.com\/portal\/wp-json\/wp\/v2\/tags?post=4283"}],"curies":[{"name":"wp","href":"https:\/\/api.w.org\/{rel}","templated":true}]}}