{"id":4286,"date":"2026-02-20T09:49:44","date_gmt":"2026-02-20T15:49:44","guid":{"rendered":"https:\/\/girasolmultimedios.com\/portal\/?p=4286"},"modified":"2026-02-20T09:49:45","modified_gmt":"2026-02-20T15:49:45","slug":"umaps-anuncia-horarios-de-agua-potable-para-este-viernes","status":"publish","type":"post","link":"https:\/\/girasolmultimedios.com\/portal\/umaps-anuncia-horarios-de-agua-potable-para-este-viernes\/","title":{"rendered":"UMAPS anuncia horarios de agua potable para este viernes"},"content":{"rendered":"\n<p>La\u00a0Unidad Municipal de Agua Potable y Saneamiento (UMAPS), inform\u00f3 una redistribuci\u00f3n en el horario de servicio de agua potable para el Distrito Central este viernes 20 de febrero del 2026.<\/p>\n\n\n\n<p>Es importante resaltar que el horario divulgado es v\u00e1lido exclusivamente para las \u00e1reas y colonias de la ciudad que reciben agua de la planta de tratamiento de Los Laureles, Concepci\u00f3n y El Picacho.<\/p>\n\n\n\n<p>A continuaci\u00f3n, las colonias que tendr\u00e1n servicio de agua potable disponible.<\/p>\n\n\n\n<h4 class=\"wp-block-heading\"><em><strong>Viernes 20 de febrero<\/strong><\/em><\/h4>\n\n\n\n<p>La distribuci\u00f3n empezar\u00e1 desde las 12:00 del mediod\u00eda a las 12:00 de la ma\u00f1ana<\/p>\n\n\n\n<ul class=\"wp-block-list\">\n<li>Palmira (parte alta)<\/li>\n\n\n\n<li>Walter (parte alta)<\/li>\n\n\n\n<li>El Porvenir (parte baja)<\/li>\n\n\n\n<li>Jard\u00edn<\/li>\n\n\n\n<li>Las Mercedes(parte baja)<\/li>\n\n\n\n<li>La Campa\u00f1a<\/li>\n\n\n\n<li>Manchen<\/li>\n\n\n\n<li>Matamoros<\/li>\n\n\n\n<li>Residencial Maya<\/li>\n\n\n\n<li>La Reforma<\/li>\n\n\n\n<li>San Carlos<\/li>\n\n\n\n<li>La Leona<\/li>\n\n\n\n<li>Casamata<\/li>\n\n\n\n<li>Guadalupe<\/li>\n\n\n\n<li>San Felipe<\/li>\n\n\n\n<li>San Rafael<\/li>\n\n\n\n<li>Sector La Caba\u00f1a<\/li>\n<\/ul>\n","protected":false},"excerpt":{"rendered":"<p>La\u00a0Unidad Municipal de Agua Potable y Saneamiento (UMAPS), inform\u00f3 una redistribuci\u00f3n en el horario de servicio de agua potable para el Distrito Central este viernes 20 de febrero del 2026. Es importante resaltar que el horario divulgado es v\u00e1lido exclusivamente para las \u00e1reas y colonias de la ciudad que reciben agua de la planta de [&hellip;]<\/p>\n","protected":false},"author":2,"featured_media":4287,"comment_status":"closed","ping_status":"open","sticky":false,"template":"","format":"standard","meta":{"_seopress_robots_primary_cat":"","_seopress_titles_title":"","_seopress_titles_desc":"","_seopress_robots_index":"","footnotes":""},"categories":[1],"tags":[],"class_list":["post-4286","post","type-post","status-publish","format-standard","has-post-thumbnail","hentry","category-sin-categoria"],"_links":{"self":[{"href":"https:\/\/girasolmultimedios.com\/portal\/wp-json\/wp\/v2\/posts\/4286","targetHints":{"allow":["GET"]}}],"collection":[{"href":"https:\/\/girasolmultimedios.com\/portal\/wp-json\/wp\/v2\/posts"}],"about":[{"href":"https:\/\/girasolmultimedios.com\/portal\/wp-json\/wp\/v2\/types\/post"}],"author":[{"embeddable":true,"href":"https:\/\/girasolmultimedios.com\/portal\/wp-json\/wp\/v2\/users\/2"}],"replies":[{"embeddable":true,"href":"https:\/\/girasolmultimedios.com\/portal\/wp-json\/wp\/v2\/comments?post=4286"}],"version-history":[{"count":1,"href":"https:\/\/girasolmultimedios.com\/portal\/wp-json\/wp\/v2\/posts\/4286\/revisions"}],"predecessor-version":[{"id":4288,"href":"https:\/\/girasolmultimedios.com\/portal\/wp-json\/wp\/v2\/posts\/4286\/revisions\/4288"}],"wp:featuredmedia":[{"embeddable":true,"href":"https:\/\/girasolmultimedios.com\/portal\/wp-json\/wp\/v2\/media\/4287"}],"wp:attachment":[{"href":"https:\/\/girasolmultimedios.com\/portal\/wp-json\/wp\/v2\/media?parent=4286"}],"wp:term":[{"taxonomy":"category","embeddable":true,"href":"https:\/\/girasolmultimedios.com\/portal\/wp-json\/wp\/v2\/categories?post=4286"},{"taxonomy":"post_tag","embeddable":true,"href":"https:\/\/girasolmultimedios.com\/portal\/wp-json\/wp\/v2\/tags?post=4286"}],"curies":[{"name":"wp","href":"https:\/\/api.w.org\/{rel}","templated":true}]}}