{"id":4298,"date":"2026-02-20T09:57:12","date_gmt":"2026-02-20T15:57:12","guid":{"rendered":"https:\/\/girasolmultimedios.com\/portal\/?p=4298"},"modified":"2026-02-20T09:57:12","modified_gmt":"2026-02-20T15:57:12","slug":"ministerio-publico-incorporara-60-nuevos-fiscales-para-fortalecer-la-investigacion","status":"publish","type":"post","link":"https:\/\/girasolmultimedios.com\/portal\/ministerio-publico-incorporara-60-nuevos-fiscales-para-fortalecer-la-investigacion\/","title":{"rendered":"Ministerio P\u00fablico incorporar\u00e1 60 nuevos fiscales para fortalecer la investigaci\u00f3n"},"content":{"rendered":"\n<p>El\u00a0Ministerio P\u00fablico\u00a0(MP) inform\u00f3, a trav\u00e9s de un comunicado oficial, que se encuentra en la fase final del proceso de incorporaci\u00f3n de sesenta nuevos fiscales, profesionales del derecho seleccionados bajo estricto rigor \u00e9tico y t\u00e9cnico.<\/p>\n\n\n\n<p>Seg\u00fan la instituci\u00f3n, los nuevos funcionarios cumplen con todos los est\u00e1ndares establecidos y vendr\u00e1n a fortalecer las labores de investigaci\u00f3n, adem\u00e1s de reforzar las distintas fiscal\u00edas en todo el pa\u00eds, como parte de una estrategia de consolidaci\u00f3n institucional.<\/p>\n\n\n\n<h4 class=\"wp-block-heading\"><strong>Inducci\u00f3n inicia el 2 de marzo de 2026<\/strong><\/h4>\n\n\n\n<p>Como parte de esta etapa final, el proceso contempla una inducci\u00f3n que dar\u00e1 inicio el pr\u00f3ximo 2 de marzo de 2026, paso previo a su plena integraci\u00f3n al ente acusador del Estado. Con ello, la instituci\u00f3n busca garantizar que los profesionales seleccionados asuman sus funciones con la preparaci\u00f3n t\u00e9cnica y \u00e9tica requerida.<\/p>\n\n\n\n<p>Las autoridades se\u00f1alaron que esta fase se desarrolla conforme a la planificaci\u00f3n institucional y representa un avance significativo en la consolidaci\u00f3n de recurso humano especializado, asegurando una incorporaci\u00f3n responsable y alineada con la misi\u00f3n constitucional del MP.<\/p>\n\n\n\n<h4 class=\"wp-block-heading\"><strong>Fortalecimiento hist\u00f3rico<\/strong><\/h4>\n\n\n\n<p>El Ministerio P\u00fablico impulsa esta incorporaci\u00f3n como una medida orientada a robustecer las fiscal\u00edas y responder con mayor eficacia a las demandas de justicia del pueblo hondure\u00f1o.<\/p>\n","protected":false},"excerpt":{"rendered":"<p>El\u00a0Ministerio P\u00fablico\u00a0(MP) inform\u00f3, a trav\u00e9s de un comunicado oficial, que se encuentra en la fase final del proceso de incorporaci\u00f3n de sesenta nuevos fiscales, profesionales del derecho seleccionados bajo estricto rigor \u00e9tico y t\u00e9cnico. Seg\u00fan la instituci\u00f3n, los nuevos funcionarios cumplen con todos los est\u00e1ndares establecidos y vendr\u00e1n a fortalecer las labores de investigaci\u00f3n, adem\u00e1s [&hellip;]<\/p>\n","protected":false},"author":2,"featured_media":4299,"comment_status":"closed","ping_status":"open","sticky":false,"template":"","format":"standard","meta":{"_seopress_robots_primary_cat":"","_seopress_titles_title":"","_seopress_titles_desc":"","_seopress_robots_index":"","footnotes":""},"categories":[1],"tags":[],"class_list":["post-4298","post","type-post","status-publish","format-standard","has-post-thumbnail","hentry","category-sin-categoria"],"_links":{"self":[{"href":"https:\/\/girasolmultimedios.com\/portal\/wp-json\/wp\/v2\/posts\/4298","targetHints":{"allow":["GET"]}}],"collection":[{"href":"https:\/\/girasolmultimedios.com\/portal\/wp-json\/wp\/v2\/posts"}],"about":[{"href":"https:\/\/girasolmultimedios.com\/portal\/wp-json\/wp\/v2\/types\/post"}],"author":[{"embeddable":true,"href":"https:\/\/girasolmultimedios.com\/portal\/wp-json\/wp\/v2\/users\/2"}],"replies":[{"embeddable":true,"href":"https:\/\/girasolmultimedios.com\/portal\/wp-json\/wp\/v2\/comments?post=4298"}],"version-history":[{"count":1,"href":"https:\/\/girasolmultimedios.com\/portal\/wp-json\/wp\/v2\/posts\/4298\/revisions"}],"predecessor-version":[{"id":4300,"href":"https:\/\/girasolmultimedios.com\/portal\/wp-json\/wp\/v2\/posts\/4298\/revisions\/4300"}],"wp:featuredmedia":[{"embeddable":true,"href":"https:\/\/girasolmultimedios.com\/portal\/wp-json\/wp\/v2\/media\/4299"}],"wp:attachment":[{"href":"https:\/\/girasolmultimedios.com\/portal\/wp-json\/wp\/v2\/media?parent=4298"}],"wp:term":[{"taxonomy":"category","embeddable":true,"href":"https:\/\/girasolmultimedios.com\/portal\/wp-json\/wp\/v2\/categories?post=4298"},{"taxonomy":"post_tag","embeddable":true,"href":"https:\/\/girasolmultimedios.com\/portal\/wp-json\/wp\/v2\/tags?post=4298"}],"curies":[{"name":"wp","href":"https:\/\/api.w.org\/{rel}","templated":true}]}}