{"id":4301,"date":"2026-02-20T09:59:11","date_gmt":"2026-02-20T15:59:11","guid":{"rendered":"https:\/\/girasolmultimedios.com\/portal\/?p=4301"},"modified":"2026-02-20T09:59:11","modified_gmt":"2026-02-20T15:59:11","slug":"trump-acusa-a-obama-de-revelar-informacion-clasificada-por-respuesta-sobre-extraterrestres","status":"publish","type":"post","link":"https:\/\/girasolmultimedios.com\/portal\/trump-acusa-a-obama-de-revelar-informacion-clasificada-por-respuesta-sobre-extraterrestres\/","title":{"rendered":"Trump acusa a Obama de revelar informaci\u00f3n clasificada por respuesta sobre extraterrestres"},"content":{"rendered":"\n<p>El presidente de EE.UU.,\u00a0Donald Trump,\u00a0acus\u00f3 este jueves al expresidente Barack Obama de revelar informaci\u00f3n clasificada, despu\u00e9s que dijera que los extraterrestres \u00abson reales\u00bb en una reciente entrevista en un p\u00f3dcast.<\/p>\n\n\n\n<p>\u201cDio informaci\u00f3n clasificada; se supone que \u00e9l (Obama) no deba hacer eso\u201d, dijo Trump a reporteros a bordo del Air Force One en un viaje hacia el estado de Georgia.<\/p>\n\n\n\n<p>En una entrevista en el p\u00f3dcast del periodista Brian Tyler Cohen, Obama acept\u00f3 una ronda de preguntas r\u00e1pidas, en la que fue cuestionado sobre si los extraterrestres son reales, a lo que el dem\u00f3crata asinti\u00f3, con un breve comentario: \u00abSon reales, pero yo no los he visto\u00bb.<\/p>\n\n\n\n<p>\u00abY no est\u00e1n siendo escondidos en\u2026 \u00bfC\u00f3mo se llama? \u00c1rea 51. No hay unas instalaciones bajo tierra, a menos que haya una enorme conspiraci\u00f3n y se la oculten al presidente de EE.UU.\u00bb, a\u00f1adi\u00f3 el exgobernante (2009-2017).<\/p>\n\n\n\n<p>Sin dar detalles, Trump asegur\u00f3 que Obama \u00abdio informaci\u00f3n clasificada. Cometi\u00f3 un grave error\u00bb.<\/p>\n\n\n\n<p>El actual mandatario estadounidense subray\u00f3 que \u00e9l no sabe si los extraterrestres son reales o no.<\/p>\n\n\n\n<p>Las declaraciones se dan despu\u00e9s de que Obama aclarara en Instagram que no vio \u00abpruebas\u00bb de que los \u00abextraterrestes hayan hecho contacto con nosotros\u00bb durante su presidencia, pero hizo una suposici\u00f3n \u00abporque el universo es tan vasto, que es probable que haya vida ah\u00ed fuera\u00bb.<\/p>\n\n\n\n<p>La CIA desclasific\u00f3 en 2013 unos documentos que confirmaron la existencia de la base militar \u2018\u00c1rea 51\u2019, creada por orden del presidente estadounidense Dwight Eisenhower a mediados de la d\u00e9cada de 1950 para los ensayos del avi\u00f3n esp\u00eda U-2, capaz de volar a gran altura y de cubrir distancias muy largas.&nbsp;<\/p>\n","protected":false},"excerpt":{"rendered":"<p>El presidente de EE.UU.,\u00a0Donald Trump,\u00a0acus\u00f3 este jueves al expresidente Barack Obama de revelar informaci\u00f3n clasificada, despu\u00e9s que dijera que los extraterrestres \u00abson reales\u00bb en una reciente entrevista en un p\u00f3dcast. \u201cDio informaci\u00f3n clasificada; se supone que \u00e9l (Obama) no deba hacer eso\u201d, dijo Trump a reporteros a bordo del Air Force One en un viaje [&hellip;]<\/p>\n","protected":false},"author":2,"featured_media":4302,"comment_status":"closed","ping_status":"open","sticky":false,"template":"","format":"standard","meta":{"_seopress_robots_primary_cat":"","_seopress_titles_title":"","_seopress_titles_desc":"","_seopress_robots_index":"","footnotes":""},"categories":[1],"tags":[],"class_list":["post-4301","post","type-post","status-publish","format-standard","has-post-thumbnail","hentry","category-sin-categoria"],"_links":{"self":[{"href":"https:\/\/girasolmultimedios.com\/portal\/wp-json\/wp\/v2\/posts\/4301","targetHints":{"allow":["GET"]}}],"collection":[{"href":"https:\/\/girasolmultimedios.com\/portal\/wp-json\/wp\/v2\/posts"}],"about":[{"href":"https:\/\/girasolmultimedios.com\/portal\/wp-json\/wp\/v2\/types\/post"}],"author":[{"embeddable":true,"href":"https:\/\/girasolmultimedios.com\/portal\/wp-json\/wp\/v2\/users\/2"}],"replies":[{"embeddable":true,"href":"https:\/\/girasolmultimedios.com\/portal\/wp-json\/wp\/v2\/comments?post=4301"}],"version-history":[{"count":1,"href":"https:\/\/girasolmultimedios.com\/portal\/wp-json\/wp\/v2\/posts\/4301\/revisions"}],"predecessor-version":[{"id":4303,"href":"https:\/\/girasolmultimedios.com\/portal\/wp-json\/wp\/v2\/posts\/4301\/revisions\/4303"}],"wp:featuredmedia":[{"embeddable":true,"href":"https:\/\/girasolmultimedios.com\/portal\/wp-json\/wp\/v2\/media\/4302"}],"wp:attachment":[{"href":"https:\/\/girasolmultimedios.com\/portal\/wp-json\/wp\/v2\/media?parent=4301"}],"wp:term":[{"taxonomy":"category","embeddable":true,"href":"https:\/\/girasolmultimedios.com\/portal\/wp-json\/wp\/v2\/categories?post=4301"},{"taxonomy":"post_tag","embeddable":true,"href":"https:\/\/girasolmultimedios.com\/portal\/wp-json\/wp\/v2\/tags?post=4301"}],"curies":[{"name":"wp","href":"https:\/\/api.w.org\/{rel}","templated":true}]}}