{"id":4304,"date":"2026-02-20T10:00:36","date_gmt":"2026-02-20T16:00:36","guid":{"rendered":"https:\/\/girasolmultimedios.com\/portal\/?p=4304"},"modified":"2026-02-20T10:00:36","modified_gmt":"2026-02-20T16:00:36","slug":"honduras-bajo-ambiente-seco-autoridades-llaman-a-hidratarse","status":"publish","type":"post","link":"https:\/\/girasolmultimedios.com\/portal\/honduras-bajo-ambiente-seco-autoridades-llaman-a-hidratarse\/","title":{"rendered":"Honduras bajo ambiente seco, autoridades llaman a hidratarse"},"content":{"rendered":"\n<p>Las condiciones secas contin\u00faan predominando este d\u00eda en la mayor parte del territorio nacional, inform\u00f3 la Secretar\u00eda de Gesti\u00f3n de Riesgos y Contingencias Nacionales (COPECO), a trav\u00e9s del pronosticador de turno, Luis Fonseca.<\/p>\n\n\n\n<p>De acuerdo con el reporte oficial, durante la madrugada y la noche se registran temperaturas frescas en varias regiones del pa\u00eds, mientras que en horas de la tarde el ambiente se torna c\u00e1lido, especialmente en la zona sur, donde se prev\u00e9n los valores m\u00e1s elevados.<\/p>\n\n\n\n<p>COPECO detall\u00f3 adem\u00e1s que la fase lunar actual es luna nueva y que el oleaje se mantiene entre uno y tres pies tanto en el litoral Caribe como en el Golfo de Fonseca, condiciones consideradas normales para la navegaci\u00f3n.<\/p>\n\n\n\n<p>La salida del sol se registr\u00f3 a las 6:10 de la ma\u00f1ana y la puesta ser\u00e1 a las 5:00 de la tarde.<\/p>\n\n\n\n<h4 class=\"wp-block-heading\"><strong>Temperaturas por departamento<\/strong><\/h4>\n\n\n\n<p>Las temperaturas m\u00e1ximas y m\u00ednimas estimadas para este d\u00eda son las siguientes:<\/p>\n\n\n\n<p>Atl\u00e1ntida: 31\u00b0C \/ 24\u00b0C<\/p>\n\n\n\n<p>Choluteca: 38\u00b0C \/ 24\u00b0C<\/p>\n\n\n\n<p>Col\u00f3n: 32\u00b0C \/ 22\u00b0C<\/p>\n\n\n\n<p>Comayagua: 32\u00b0C \/ 18\u00b0C<\/p>\n\n\n\n<p>Cop\u00e1n: 30\u00b0C \/ 16\u00b0C<\/p>\n\n\n\n<p>Cort\u00e9s: 33\u00b0C \/ 25\u00b0C<\/p>\n\n\n\n<p>El Para\u00edso: 29\u00b0C \/ 14\u00b0C<\/p>\n\n\n\n<p>Francisco Moraz\u00e1n: 28\u00b0C \/ 13\u00b0C<\/p>\n\n\n\n<p>Gracias a Dios: 31\u00b0C \/ 24\u00b0C<\/p>\n\n\n\n<p>Intibuc\u00e1: 24\u00b0C \/ 9\u00b0C<\/p>\n\n\n\n<p>Islas de la Bah\u00eda: 30\u00b0C \/ 26\u00b0C<\/p>\n\n\n\n<p>La Paz: 32\u00b0C \/ 17\u00b0C<\/p>\n\n\n\n<p>Lempira: 31\u00b0C \/ 17\u00b0C<\/p>\n\n\n\n<p>Ocotepeque: 29\u00b0C \/ 16\u00b0C<\/p>\n\n\n\n<p>Olancho: 32\u00b0C \/ 18\u00b0C<\/p>\n\n\n\n<p>Santa B\u00e1rbara: 32\u00b0C \/ 20\u00b0C<\/p>\n\n\n\n<p>Valle: 37\u00b0C \/ 23\u00b0C<\/p>\n\n\n\n<p>Yoro: 30\u00b0C \/ 17\u00b0C<\/p>\n\n\n\n<p>Ante este panorama, las autoridades recomiendan a la poblaci\u00f3n mantenerse hidratada, especialmente en las zonas del sur del pa\u00eds donde se registrar\u00e1n temperaturas m\u00e1s elevadas, y evitar la exposici\u00f3n prolongada al sol durante las horas de mayor radiaci\u00f3n en la tarde.<\/p>\n","protected":false},"excerpt":{"rendered":"<p>Las condiciones secas contin\u00faan predominando este d\u00eda en la mayor parte del territorio nacional, inform\u00f3 la Secretar\u00eda de Gesti\u00f3n de Riesgos y Contingencias Nacionales (COPECO), a trav\u00e9s del pronosticador de turno, Luis Fonseca. De acuerdo con el reporte oficial, durante la madrugada y la noche se registran temperaturas frescas en varias regiones del pa\u00eds, mientras [&hellip;]<\/p>\n","protected":false},"author":2,"featured_media":4305,"comment_status":"closed","ping_status":"open","sticky":false,"template":"","format":"standard","meta":{"_seopress_robots_primary_cat":"","_seopress_titles_title":"","_seopress_titles_desc":"","_seopress_robots_index":"","footnotes":""},"categories":[1],"tags":[],"class_list":["post-4304","post","type-post","status-publish","format-standard","has-post-thumbnail","hentry","category-sin-categoria"],"_links":{"self":[{"href":"https:\/\/girasolmultimedios.com\/portal\/wp-json\/wp\/v2\/posts\/4304","targetHints":{"allow":["GET"]}}],"collection":[{"href":"https:\/\/girasolmultimedios.com\/portal\/wp-json\/wp\/v2\/posts"}],"about":[{"href":"https:\/\/girasolmultimedios.com\/portal\/wp-json\/wp\/v2\/types\/post"}],"author":[{"embeddable":true,"href":"https:\/\/girasolmultimedios.com\/portal\/wp-json\/wp\/v2\/users\/2"}],"replies":[{"embeddable":true,"href":"https:\/\/girasolmultimedios.com\/portal\/wp-json\/wp\/v2\/comments?post=4304"}],"version-history":[{"count":1,"href":"https:\/\/girasolmultimedios.com\/portal\/wp-json\/wp\/v2\/posts\/4304\/revisions"}],"predecessor-version":[{"id":4306,"href":"https:\/\/girasolmultimedios.com\/portal\/wp-json\/wp\/v2\/posts\/4304\/revisions\/4306"}],"wp:featuredmedia":[{"embeddable":true,"href":"https:\/\/girasolmultimedios.com\/portal\/wp-json\/wp\/v2\/media\/4305"}],"wp:attachment":[{"href":"https:\/\/girasolmultimedios.com\/portal\/wp-json\/wp\/v2\/media?parent=4304"}],"wp:term":[{"taxonomy":"category","embeddable":true,"href":"https:\/\/girasolmultimedios.com\/portal\/wp-json\/wp\/v2\/categories?post=4304"},{"taxonomy":"post_tag","embeddable":true,"href":"https:\/\/girasolmultimedios.com\/portal\/wp-json\/wp\/v2\/tags?post=4304"}],"curies":[{"name":"wp","href":"https:\/\/api.w.org\/{rel}","templated":true}]}}