{"id":4317,"date":"2026-02-23T09:35:56","date_gmt":"2026-02-23T15:35:56","guid":{"rendered":"https:\/\/girasolmultimedios.com\/portal\/?p=4317"},"modified":"2026-02-23T09:35:56","modified_gmt":"2026-02-23T15:35:56","slug":"hoy-continua-audiencia-inicial-por-caso-chequesol","status":"publish","type":"post","link":"https:\/\/girasolmultimedios.com\/portal\/hoy-continua-audiencia-inicial-por-caso-chequesol\/","title":{"rendered":"Hoy contin\u00faa audiencia inicial por caso \u201cChequesol\u201d"},"content":{"rendered":"\n<p>El juzgado reanudar\u00e1 este lunes 23 de febrero a las 9:00 de la ma\u00f1ana la audiencia inicial contra los imputados en el caso \u201cChequesol\u201d, proceso que involucra a la diputada del Congreso Nacional, Isis Cu\u00e9llar, y al exministro de la\u00a0Secretar\u00eda de Desarrollo Social (Sedesol), Jos\u00e9 Carlos Cardona.<\/p>\n\n\n\n<p>El 10 de febrero, las defensas pidieron ampliar el plazo para analizar, revisar y objetar las pruebas que present\u00f3 el Ministerio P\u00fablico.<\/p>\n\n\n\n<p>La Fiscal\u00eda present\u00f3 47 medios probatorios: 34 documentales, cinco testificales, siete periciales y una evidencia material, con los que sustenta la acusaci\u00f3n.<\/p>\n\n\n\n<p>En el proceso tambi\u00e9n figuran Luis Manuel Fern\u00e1ndez Garc\u00eda, Jennifer Nazareth Mart\u00ednez Suazo, Jos\u00e9 Manuel Cerrato Villanueva, Eliud Reiniery Aguilar Pineda, Rossy Yanira Ram\u00edrez Gonzales, Casandra G\u00e1leas Arias, Fabricio Sol\u00f3rzano, Ilse Baquedano, Paola P\u00e9rez y Mirza S\u00e1nchez Maradiaga.<\/p>\n\n\n\n<p>El Ministerio P\u00fablico acusa a los imputados por la presunta comisi\u00f3n de 67 delitos de fraude.<\/p>\n","protected":false},"excerpt":{"rendered":"<p>El juzgado reanudar\u00e1 este lunes 23 de febrero a las 9:00 de la ma\u00f1ana la audiencia inicial contra los imputados en el caso \u201cChequesol\u201d, proceso que involucra a la diputada del Congreso Nacional, Isis Cu\u00e9llar, y al exministro de la\u00a0Secretar\u00eda de Desarrollo Social (Sedesol), Jos\u00e9 Carlos Cardona. El 10 de febrero, las defensas pidieron ampliar [&hellip;]<\/p>\n","protected":false},"author":2,"featured_media":4318,"comment_status":"closed","ping_status":"open","sticky":false,"template":"","format":"standard","meta":{"_seopress_robots_primary_cat":"","_seopress_titles_title":"","_seopress_titles_desc":"","_seopress_robots_index":"","footnotes":""},"categories":[1],"tags":[],"class_list":["post-4317","post","type-post","status-publish","format-standard","has-post-thumbnail","hentry","category-sin-categoria"],"_links":{"self":[{"href":"https:\/\/girasolmultimedios.com\/portal\/wp-json\/wp\/v2\/posts\/4317","targetHints":{"allow":["GET"]}}],"collection":[{"href":"https:\/\/girasolmultimedios.com\/portal\/wp-json\/wp\/v2\/posts"}],"about":[{"href":"https:\/\/girasolmultimedios.com\/portal\/wp-json\/wp\/v2\/types\/post"}],"author":[{"embeddable":true,"href":"https:\/\/girasolmultimedios.com\/portal\/wp-json\/wp\/v2\/users\/2"}],"replies":[{"embeddable":true,"href":"https:\/\/girasolmultimedios.com\/portal\/wp-json\/wp\/v2\/comments?post=4317"}],"version-history":[{"count":1,"href":"https:\/\/girasolmultimedios.com\/portal\/wp-json\/wp\/v2\/posts\/4317\/revisions"}],"predecessor-version":[{"id":4319,"href":"https:\/\/girasolmultimedios.com\/portal\/wp-json\/wp\/v2\/posts\/4317\/revisions\/4319"}],"wp:featuredmedia":[{"embeddable":true,"href":"https:\/\/girasolmultimedios.com\/portal\/wp-json\/wp\/v2\/media\/4318"}],"wp:attachment":[{"href":"https:\/\/girasolmultimedios.com\/portal\/wp-json\/wp\/v2\/media?parent=4317"}],"wp:term":[{"taxonomy":"category","embeddable":true,"href":"https:\/\/girasolmultimedios.com\/portal\/wp-json\/wp\/v2\/categories?post=4317"},{"taxonomy":"post_tag","embeddable":true,"href":"https:\/\/girasolmultimedios.com\/portal\/wp-json\/wp\/v2\/tags?post=4317"}],"curies":[{"name":"wp","href":"https:\/\/api.w.org\/{rel}","templated":true}]}}