{"id":4320,"date":"2026-02-23T09:40:26","date_gmt":"2026-02-23T15:40:26","guid":{"rendered":"https:\/\/girasolmultimedios.com\/portal\/?p=4320"},"modified":"2026-02-23T09:40:26","modified_gmt":"2026-02-23T15:40:26","slug":"estado-del-tiempo-para-hoy-lunes-23-de-febrero","status":"publish","type":"post","link":"https:\/\/girasolmultimedios.com\/portal\/estado-del-tiempo-para-hoy-lunes-23-de-febrero\/","title":{"rendered":"Estado del tiempo para hoy lunes 23 de febrero"},"content":{"rendered":"\n<p>La\u00a0Secretar\u00eda de Gesti\u00f3n de Riesgos y Contingencias Nacionales (Copeco), inform\u00f3 que el estado del tiempo para este d\u00eda tendr\u00e1 un descenso en las temperaturas y abundante nubosidad en varias regiones del pa\u00eds.<\/p>\n\n\n\n<p>Seg\u00fan Copeco, el ingreso de un frente fr\u00edo provocar\u00e1 lluvias y chubascos de moderados a fuertes en la zona norte y noroccidente de Honduras, mientras que, en la zona central y oriental se esperan precipitaciones d\u00e9biles dispersas y chubascos aislados.<\/p>\n\n\n\n<p>Para Tegucigalpa, capital de Honduras, se pronostica una m\u00e1xima de 26\u00b0C y una m\u00ednima de 14\u00b0C.<a href=\"https:\/\/twitter.com\/intent\/tweet?text=Estado+del+tiempo+para+hoy+lunes+23+de+febrero&amp;url=https%3A%2F%2Fwww.latribuna.hn%2F2026%2F02%2F23%2Festado-del-tiempo-para-hoy-lunes-23-de-febrero%2F\"><\/a><\/p>\n\n\n\n<p>A continuaci\u00f3n, el estado del tiempo por departamentos.<\/p>\n\n\n\n<p>Yoro: m\u00e1xima 24\u00b0C, m\u00ednima 14\u00b0C<a href=\"https:\/\/twitter.com\/intent\/tweet?text=Estado+del+tiempo+para+hoy+lunes+23+de+febrero&amp;url=https%3A%2F%2Fwww.latribuna.hn%2F2026%2F02%2F23%2Festado-del-tiempo-para-hoy-lunes-23-de-febrero%2F\"><\/a><a href=\"https:\/\/api.whatsapp.com\/send?text=Estado+del+tiempo+para+hoy+lunes+23+de+febrero%20%0A%0A%20https:\/\/www.latribuna.hn\/2026\/02\/23\/estado-del-tiempo-para-hoy-lunes-23-de-febrero\/\"><\/a><a href=\"mailto:?subject=Estado%20del%20tiempo%20para%20hoy%20lunes%2023%20de%20febrero&amp;body=https:\/\/www.latribuna.hn\/2026\/02\/23\/estado-del-tiempo-para-hoy-lunes-23-de-febrero\/\"><\/a><a href=\"https:\/\/www.latribuna.hn\/2026\/02\/23\/estado-del-tiempo-para-hoy-lunes-23-de-febrero\/\"><\/a><\/p>\n\n\n\n<p>Francisco Moraz\u00e1n: m\u00e1xima 26\u00b0C, m\u00ednima 14\u00b0C<\/p>\n\n\n\n<p>Cort\u00e9s: m\u00e1xima 26\u00b0C, m\u00ednima 20\u00b0C<\/p>\n\n\n\n<p>Atl\u00e1ntida: m\u00e1xima 26\u00b0C, m\u00ednima 19\u00b0C<\/p>\n\n\n\n<p>Olancho: m\u00e1xima 28\u00b0C, m\u00ednima 17\u00b0C<\/p>\n\n\n\n<p>Choluteca: m\u00e1xima 36\u00b0C, m\u00ednima 24\u00b0C<\/p>\n\n\n\n<p>Cop\u00e1n: m\u00e1xima 22\u00b0C, m\u00ednima 16\u00b0C<\/p>\n\n\n\n<p>El Para\u00edso: m\u00e1xima 28\u00b0C, m\u00ednima 16\u00b0C<\/p>\n\n\n\n<p>Gracias a Dios: m\u00e1xima 28\u00b0C, m\u00ednima 24\u00b0C<\/p>\n\n\n\n<p>Comayagua: m\u00e1xima 26\u00b0C, m\u00ednima 16\u00b0C<\/p>\n\n\n\n<p>Intibuc\u00e1: m\u00e1xima 18\u00b0C, m\u00ednima 8\u00b0C<\/p>\n\n\n\n<p>Islas de la Bah\u00eda: m\u00e1xima 26\u00b0C, m\u00ednima 23\u00b0C<\/p>\n\n\n\n<p>Col\u00f3n: m\u00e1xima 24\u00b0C, m\u00ednima 22\u00b0C<\/p>\n\n\n\n<p>La Paz: m\u00e1xima 28\u00b0C, m\u00ednima 16\u00b0C<\/p>\n\n\n\n<p>Ocotepeque: m\u00e1xima 22\u00b0C, m\u00ednima 14\u00b0C<\/p>\n\n\n\n<p>Santa B\u00e1rbara: m\u00e1xima 26\u00b0C, m\u00ednima 16\u00b0C<\/p>\n\n\n\n<p>Valle: m\u00e1xima 36\u00b0C, m\u00ednima 22\u00b0C<\/p>\n\n\n\n<p>Lempira: m\u00e1xima 23\u00b0C, m\u00ednima 14\u00b0C<\/p>\n\n\n\n<p><\/p>\n","protected":false},"excerpt":{"rendered":"<p>La\u00a0Secretar\u00eda de Gesti\u00f3n de Riesgos y Contingencias Nacionales (Copeco), inform\u00f3 que el estado del tiempo para este d\u00eda tendr\u00e1 un descenso en las temperaturas y abundante nubosidad en varias regiones del pa\u00eds. Seg\u00fan Copeco, el ingreso de un frente fr\u00edo provocar\u00e1 lluvias y chubascos de moderados a fuertes en la zona norte y noroccidente de [&hellip;]<\/p>\n","protected":false},"author":2,"featured_media":4321,"comment_status":"closed","ping_status":"open","sticky":false,"template":"","format":"standard","meta":{"_seopress_robots_primary_cat":"","_seopress_titles_title":"","_seopress_titles_desc":"","_seopress_robots_index":"","footnotes":""},"categories":[1],"tags":[],"class_list":["post-4320","post","type-post","status-publish","format-standard","has-post-thumbnail","hentry","category-sin-categoria"],"_links":{"self":[{"href":"https:\/\/girasolmultimedios.com\/portal\/wp-json\/wp\/v2\/posts\/4320","targetHints":{"allow":["GET"]}}],"collection":[{"href":"https:\/\/girasolmultimedios.com\/portal\/wp-json\/wp\/v2\/posts"}],"about":[{"href":"https:\/\/girasolmultimedios.com\/portal\/wp-json\/wp\/v2\/types\/post"}],"author":[{"embeddable":true,"href":"https:\/\/girasolmultimedios.com\/portal\/wp-json\/wp\/v2\/users\/2"}],"replies":[{"embeddable":true,"href":"https:\/\/girasolmultimedios.com\/portal\/wp-json\/wp\/v2\/comments?post=4320"}],"version-history":[{"count":1,"href":"https:\/\/girasolmultimedios.com\/portal\/wp-json\/wp\/v2\/posts\/4320\/revisions"}],"predecessor-version":[{"id":4322,"href":"https:\/\/girasolmultimedios.com\/portal\/wp-json\/wp\/v2\/posts\/4320\/revisions\/4322"}],"wp:featuredmedia":[{"embeddable":true,"href":"https:\/\/girasolmultimedios.com\/portal\/wp-json\/wp\/v2\/media\/4321"}],"wp:attachment":[{"href":"https:\/\/girasolmultimedios.com\/portal\/wp-json\/wp\/v2\/media?parent=4320"}],"wp:term":[{"taxonomy":"category","embeddable":true,"href":"https:\/\/girasolmultimedios.com\/portal\/wp-json\/wp\/v2\/categories?post=4320"},{"taxonomy":"post_tag","embeddable":true,"href":"https:\/\/girasolmultimedios.com\/portal\/wp-json\/wp\/v2\/tags?post=4320"}],"curies":[{"name":"wp","href":"https:\/\/api.w.org\/{rel}","templated":true}]}}