{"id":4323,"date":"2026-02-23T09:43:44","date_gmt":"2026-02-23T15:43:44","guid":{"rendered":"https:\/\/girasolmultimedios.com\/portal\/?p=4323"},"modified":"2026-02-23T09:43:44","modified_gmt":"2026-02-23T15:43:44","slug":"mexico-informa-que-25-militares-fallecieron-en-ataques-tras-operativo-contra-el-mencho","status":"publish","type":"post","link":"https:\/\/girasolmultimedios.com\/portal\/mexico-informa-que-25-militares-fallecieron-en-ataques-tras-operativo-contra-el-mencho\/","title":{"rendered":"M\u00e9xico informa que 25 militares fallecieron en ataques tras operativo contra El Mencho"},"content":{"rendered":"\n<p>El secretario de Seguridad y Protecci\u00f3n Ciudadana de M\u00e9xico, Omar Garc\u00eda Harfuch, inform\u00f3 este lunes que 25 miembros de la\u00a0Guardia Nacional\u00a0perdieron la vida el domingo en los enfrentamientos violentos que sacudieron varios estados del pa\u00eds tras la muerte de Nemesio Oseguera Cervantes, alias \u2018el Mencho\u2019, l\u00edder del cartel Jalisco Nueva Generaci\u00f3n (CJNG), tras un operativo federal.<\/p>\n\n\n\n<p>Durante la conferencia de prensa presidencial, el funcionario explic\u00f3 que unos 70 integrantes del crimen organizado fueron detenidos por los bloqueos en carreteras en siete estados como Jalisco o Michoac\u00e1n (occidente), a la vez que lament\u00f3 que se produjeron \u00abcobardes ataques\u00bb que causaron la muerte de \u00ab25 militares\u00bb.<\/p>\n\n\n\n<p>Asimismo, 30 integrantes del CJNG perdieron la vida en los enfrentamientos, a\u00f1adi\u00f3 Garc\u00eda Harfuch.<\/p>\n\n\n\n<p>Seg\u00fan subray\u00f3 el secretario de Seguridad, en varias estados se produjeron \u00abreacciones violentas\u00bb del crimen organizado como bloqueos, quemas de veh\u00edculos o ataques a gasolineras, as\u00ed como ataques contra las autoridades.<\/p>\n","protected":false},"excerpt":{"rendered":"<p>El secretario de Seguridad y Protecci\u00f3n Ciudadana de M\u00e9xico, Omar Garc\u00eda Harfuch, inform\u00f3 este lunes que 25 miembros de la\u00a0Guardia Nacional\u00a0perdieron la vida el domingo en los enfrentamientos violentos que sacudieron varios estados del pa\u00eds tras la muerte de Nemesio Oseguera Cervantes, alias \u2018el Mencho\u2019, l\u00edder del cartel Jalisco Nueva Generaci\u00f3n (CJNG), tras un operativo [&hellip;]<\/p>\n","protected":false},"author":2,"featured_media":4324,"comment_status":"closed","ping_status":"open","sticky":false,"template":"","format":"standard","meta":{"_seopress_robots_primary_cat":"","_seopress_titles_title":"","_seopress_titles_desc":"","_seopress_robots_index":"","footnotes":""},"categories":[1],"tags":[],"class_list":["post-4323","post","type-post","status-publish","format-standard","has-post-thumbnail","hentry","category-sin-categoria"],"_links":{"self":[{"href":"https:\/\/girasolmultimedios.com\/portal\/wp-json\/wp\/v2\/posts\/4323","targetHints":{"allow":["GET"]}}],"collection":[{"href":"https:\/\/girasolmultimedios.com\/portal\/wp-json\/wp\/v2\/posts"}],"about":[{"href":"https:\/\/girasolmultimedios.com\/portal\/wp-json\/wp\/v2\/types\/post"}],"author":[{"embeddable":true,"href":"https:\/\/girasolmultimedios.com\/portal\/wp-json\/wp\/v2\/users\/2"}],"replies":[{"embeddable":true,"href":"https:\/\/girasolmultimedios.com\/portal\/wp-json\/wp\/v2\/comments?post=4323"}],"version-history":[{"count":1,"href":"https:\/\/girasolmultimedios.com\/portal\/wp-json\/wp\/v2\/posts\/4323\/revisions"}],"predecessor-version":[{"id":4325,"href":"https:\/\/girasolmultimedios.com\/portal\/wp-json\/wp\/v2\/posts\/4323\/revisions\/4325"}],"wp:featuredmedia":[{"embeddable":true,"href":"https:\/\/girasolmultimedios.com\/portal\/wp-json\/wp\/v2\/media\/4324"}],"wp:attachment":[{"href":"https:\/\/girasolmultimedios.com\/portal\/wp-json\/wp\/v2\/media?parent=4323"}],"wp:term":[{"taxonomy":"category","embeddable":true,"href":"https:\/\/girasolmultimedios.com\/portal\/wp-json\/wp\/v2\/categories?post=4323"},{"taxonomy":"post_tag","embeddable":true,"href":"https:\/\/girasolmultimedios.com\/portal\/wp-json\/wp\/v2\/tags?post=4323"}],"curies":[{"name":"wp","href":"https:\/\/api.w.org\/{rel}","templated":true}]}}