{"id":4344,"date":"2026-02-24T09:44:15","date_gmt":"2026-02-24T15:44:15","guid":{"rendered":"https:\/\/girasolmultimedios.com\/portal\/?p=4344"},"modified":"2026-02-24T09:44:15","modified_gmt":"2026-02-24T15:44:15","slug":"congreso-inicia-dialogo-de-empleo-parcial-con-obreros-y-empresarios","status":"publish","type":"post","link":"https:\/\/girasolmultimedios.com\/portal\/congreso-inicia-dialogo-de-empleo-parcial-con-obreros-y-empresarios\/","title":{"rendered":"Congreso inicia di\u00e1logo de empleo parcial con obreros y empresarios"},"content":{"rendered":"\n<p>El presidente de la comisi\u00f3n especial de dictamen del\u00a0Congreso Nacional de Honduras, Alberto Emilio Cruz, anunci\u00f3 que la socializaci\u00f3n del proyecto de Ley de Empleo a Tiempo Parcial arrancar\u00e1 este mi\u00e9rcoles 25 de febrero con las centrales obreras.<\/p>\n\n\n\n<p>Cruz inform\u00f3 que la comisi\u00f3n se reunir\u00e1 el jueves 26 de febrero con representantes del Consejo Hondure\u00f1o de la Empresa Privada (Cohep) y que el mi\u00e9rcoles 4 de marzo sostendr\u00e1 un encuentro con la Secretar\u00eda de Finanzas de Honduras, el Instituto Hondure\u00f1o de Seguridad Social (IHSS) y la Secretar\u00eda de Trabajo.<\/p>\n\n\n\n<p>El legislador explic\u00f3 que la reuni\u00f3n con las instituciones estatales busca unificar criterios t\u00e9cnicos antes de avanzar con el dictamen de la normativa.<\/p>\n\n\n\n<p>La agenda continuar\u00e1 el 5 de marzo con el Colegio de Abogados de Honduras y el 11 de marzo con autoridades de universidades p\u00fablicas y privadas.<\/p>\n","protected":false},"excerpt":{"rendered":"<p>El presidente de la comisi\u00f3n especial de dictamen del\u00a0Congreso Nacional de Honduras, Alberto Emilio Cruz, anunci\u00f3 que la socializaci\u00f3n del proyecto de Ley de Empleo a Tiempo Parcial arrancar\u00e1 este mi\u00e9rcoles 25 de febrero con las centrales obreras. Cruz inform\u00f3 que la comisi\u00f3n se reunir\u00e1 el jueves 26 de febrero con representantes del Consejo Hondure\u00f1o [&hellip;]<\/p>\n","protected":false},"author":2,"featured_media":4345,"comment_status":"closed","ping_status":"open","sticky":false,"template":"","format":"standard","meta":{"_seopress_robots_primary_cat":"","_seopress_titles_title":"","_seopress_titles_desc":"","_seopress_robots_index":"","footnotes":""},"categories":[1],"tags":[],"class_list":["post-4344","post","type-post","status-publish","format-standard","has-post-thumbnail","hentry","category-sin-categoria"],"_links":{"self":[{"href":"https:\/\/girasolmultimedios.com\/portal\/wp-json\/wp\/v2\/posts\/4344","targetHints":{"allow":["GET"]}}],"collection":[{"href":"https:\/\/girasolmultimedios.com\/portal\/wp-json\/wp\/v2\/posts"}],"about":[{"href":"https:\/\/girasolmultimedios.com\/portal\/wp-json\/wp\/v2\/types\/post"}],"author":[{"embeddable":true,"href":"https:\/\/girasolmultimedios.com\/portal\/wp-json\/wp\/v2\/users\/2"}],"replies":[{"embeddable":true,"href":"https:\/\/girasolmultimedios.com\/portal\/wp-json\/wp\/v2\/comments?post=4344"}],"version-history":[{"count":1,"href":"https:\/\/girasolmultimedios.com\/portal\/wp-json\/wp\/v2\/posts\/4344\/revisions"}],"predecessor-version":[{"id":4346,"href":"https:\/\/girasolmultimedios.com\/portal\/wp-json\/wp\/v2\/posts\/4344\/revisions\/4346"}],"wp:featuredmedia":[{"embeddable":true,"href":"https:\/\/girasolmultimedios.com\/portal\/wp-json\/wp\/v2\/media\/4345"}],"wp:attachment":[{"href":"https:\/\/girasolmultimedios.com\/portal\/wp-json\/wp\/v2\/media?parent=4344"}],"wp:term":[{"taxonomy":"category","embeddable":true,"href":"https:\/\/girasolmultimedios.com\/portal\/wp-json\/wp\/v2\/categories?post=4344"},{"taxonomy":"post_tag","embeddable":true,"href":"https:\/\/girasolmultimedios.com\/portal\/wp-json\/wp\/v2\/tags?post=4344"}],"curies":[{"name":"wp","href":"https:\/\/api.w.org\/{rel}","templated":true}]}}