{"id":4347,"date":"2026-02-24T09:49:08","date_gmt":"2026-02-24T15:49:08","guid":{"rendered":"https:\/\/girasolmultimedios.com\/portal\/?p=4347"},"modified":"2026-02-24T09:49:09","modified_gmt":"2026-02-24T15:49:09","slug":"estado-del-tiempo-para-hoy-martes-24-de-febrero","status":"publish","type":"post","link":"https:\/\/girasolmultimedios.com\/portal\/estado-del-tiempo-para-hoy-martes-24-de-febrero\/","title":{"rendered":"Estado del tiempo para hoy martes 24 de febrero"},"content":{"rendered":"\n<p>La\u00a0Secretar\u00eda de Gesti\u00f3n de Riesgos y Contingencias Nacionales (Copeco), inform\u00f3 que el estado del tiempo para este d\u00eda contin\u00faa la influencia de una masa de aire fr\u00edo en el territorio nacional.<\/p>\n\n\n\n<p>Seg\u00fan las autoridades, esto provocar\u00e1 condiciones de cielo mayormente nublado, as\u00ed como lluvias y chubascos d\u00e9biles a moderados y dispersos, especialmente en el norte y noroccidente de Honduras.<\/p>\n\n\n\n<p>Asimismo, se esperan lluvias d\u00e9biles y dispersas en las regiones del occidente, centro y oriente del pa\u00eds, producto de la humedad asociada a este fen\u00f3meno meteorol\u00f3gico.<\/p>\n\n\n\n<p>Para Tegucigalpa, capital de Honduras, se pronostica una m\u00e1xima de 22\u00b0C y una m\u00ednima de 12\u00b0C.<\/p>\n\n\n\n<p>A continuaci\u00f3n, el estado del tiempo por regiones brindado por Copeco<\/p>\n\n\n\n<ul class=\"wp-block-list\">\n<li>Central: m\u00e1xima de 24 grados y m\u00ednima de 17<\/li>\n\n\n\n<li>Norte: m\u00e1xima de 22 grados y m\u00ednima de 18<\/li>\n\n\n\n<li>Sur: m\u00e1xima de 35 grados y m\u00ednima de 24<\/li>\n\n\n\n<li>Oriental: m\u00e1xima de 28 grados y m\u00ednima de 18<\/li>\n\n\n\n<li>Insular: m\u00e1xima de 26 grados y m\u00ednima de 24<\/li>\n\n\n\n<li>Occidente: m\u00e1xima de 22 grados y m\u00ednima de 10<\/li>\n<\/ul>\n\n\n\n<p>El estado del mar se reporta con un oleaje de 2 a 5 pues en el litoral Caribe, mientras que en el Golfo de Fonseca ser\u00e1 entre 1 a 3 pies.<\/p>\n\n\n\n<p>Por \u00faltimo, las autoridades piden a la poblaci\u00f3n tomar precauciones necesarias, especialmente en zonas monta\u00f1osas y vulnerables a deslizamientos.<\/p>\n","protected":false},"excerpt":{"rendered":"<p>La\u00a0Secretar\u00eda de Gesti\u00f3n de Riesgos y Contingencias Nacionales (Copeco), inform\u00f3 que el estado del tiempo para este d\u00eda contin\u00faa la influencia de una masa de aire fr\u00edo en el territorio nacional. Seg\u00fan las autoridades, esto provocar\u00e1 condiciones de cielo mayormente nublado, as\u00ed como lluvias y chubascos d\u00e9biles a moderados y dispersos, especialmente en el norte [&hellip;]<\/p>\n","protected":false},"author":2,"featured_media":4349,"comment_status":"closed","ping_status":"open","sticky":false,"template":"","format":"standard","meta":{"_seopress_robots_primary_cat":"","_seopress_titles_title":"","_seopress_titles_desc":"","_seopress_robots_index":"","footnotes":""},"categories":[1],"tags":[],"class_list":["post-4347","post","type-post","status-publish","format-standard","has-post-thumbnail","hentry","category-sin-categoria"],"_links":{"self":[{"href":"https:\/\/girasolmultimedios.com\/portal\/wp-json\/wp\/v2\/posts\/4347","targetHints":{"allow":["GET"]}}],"collection":[{"href":"https:\/\/girasolmultimedios.com\/portal\/wp-json\/wp\/v2\/posts"}],"about":[{"href":"https:\/\/girasolmultimedios.com\/portal\/wp-json\/wp\/v2\/types\/post"}],"author":[{"embeddable":true,"href":"https:\/\/girasolmultimedios.com\/portal\/wp-json\/wp\/v2\/users\/2"}],"replies":[{"embeddable":true,"href":"https:\/\/girasolmultimedios.com\/portal\/wp-json\/wp\/v2\/comments?post=4347"}],"version-history":[{"count":1,"href":"https:\/\/girasolmultimedios.com\/portal\/wp-json\/wp\/v2\/posts\/4347\/revisions"}],"predecessor-version":[{"id":4350,"href":"https:\/\/girasolmultimedios.com\/portal\/wp-json\/wp\/v2\/posts\/4347\/revisions\/4350"}],"wp:featuredmedia":[{"embeddable":true,"href":"https:\/\/girasolmultimedios.com\/portal\/wp-json\/wp\/v2\/media\/4349"}],"wp:attachment":[{"href":"https:\/\/girasolmultimedios.com\/portal\/wp-json\/wp\/v2\/media?parent=4347"}],"wp:term":[{"taxonomy":"category","embeddable":true,"href":"https:\/\/girasolmultimedios.com\/portal\/wp-json\/wp\/v2\/categories?post=4347"},{"taxonomy":"post_tag","embeddable":true,"href":"https:\/\/girasolmultimedios.com\/portal\/wp-json\/wp\/v2\/tags?post=4347"}],"curies":[{"name":"wp","href":"https:\/\/api.w.org\/{rel}","templated":true}]}}