{"id":4351,"date":"2026-02-24T09:52:40","date_gmt":"2026-02-24T15:52:40","guid":{"rendered":"https:\/\/girasolmultimedios.com\/portal\/?p=4351"},"modified":"2026-02-24T09:52:41","modified_gmt":"2026-02-24T15:52:41","slug":"eeuu-aplicara-un-arancel-del-10-desde-hoy-a-pesar-del-anuncio-de-trump-de-subirlo-el-15","status":"publish","type":"post","link":"https:\/\/girasolmultimedios.com\/portal\/eeuu-aplicara-un-arancel-del-10-desde-hoy-a-pesar-del-anuncio-de-trump-de-subirlo-el-15\/","title":{"rendered":"EEUU aplicar\u00e1 un arancel del 10% desde hoy, a pesar del anuncio de Trump de subirlo el 15%"},"content":{"rendered":"\n<p>Estados Unidos comenzar\u00e1 este martes a aplicar un arancel global a los productos extranjeros del 10%, pese al reciente anuncio del presidente Donald Trump de imponer una tasa mundial del 15%, lo que a\u00f1ade incertidumbre y confusi\u00f3n sobre la pol\u00edtica arancelaria estadounidense.<\/p>\n\n\n\n<p>El pasado viernes y despu\u00e9s de que la Corte Suprema anulara la mayor parte de la agenda arancelaria de Trump, el presidente anunci\u00f3 que implementar\u00eda r\u00e1pidamente un arancel fijo del 10% para todos sus socios comerciales mediante una ley diferente.<\/p>\n\n\n\n<p>Posteriormente, Trump public\u00f3 un mensaje en su red\u00a0Truth Social\u00a0en la que indicaba que, con efecto inmediato, elevar\u00eda ese arancel mundial del 10% al 15%, un nivel que le pareci\u00f3 totalmente legal.<\/p>\n\n\n\n<p>Sin embargo, la Oficina de Aduanas y Protecci\u00f3n Fronteriza de EE. UU. envi\u00f3 ayer un comunicado informando a los importadores que la tasa ser\u00eda inicialmente del 10 % y que se aplicar\u00eda a \u00abtodos los pa\u00edses durante un per\u00edodo de 150 d\u00edas, a menos que est\u00e9n espec\u00edficamente exentos\u00bb<\/p>\n\n\n\n<p>Seg\u00fan \u00abla proclamaci\u00f3n emitida por el Presidente el 20 de febrero de 2026, que impone un recargo temporal a la importaci\u00f3n (\u2026), vigente con respecto a las mercanc\u00edas ingresadas para consumo o retiradas del almac\u00e9n para consumo a partir de las 00:01, hora est\u00e1ndar de (la costa) este, del 24 de febrero de 2026, todas las mercanc\u00edas que ingresen a Estados Unidos, independientemente de su pa\u00eds de origen, est\u00e1n sujetas a un recargo adicional del 10 % a la importaci\u00f3n, a menos que est\u00e9n espec\u00edficamente exentas\u00bb, explica la nota de la Oficina de Aduanas.<\/p>\n","protected":false},"excerpt":{"rendered":"<p>Estados Unidos comenzar\u00e1 este martes a aplicar un arancel global a los productos extranjeros del 10%, pese al reciente anuncio del presidente Donald Trump de imponer una tasa mundial del 15%, lo que a\u00f1ade incertidumbre y confusi\u00f3n sobre la pol\u00edtica arancelaria estadounidense. El pasado viernes y despu\u00e9s de que la Corte Suprema anulara la mayor [&hellip;]<\/p>\n","protected":false},"author":2,"featured_media":4352,"comment_status":"closed","ping_status":"open","sticky":false,"template":"","format":"standard","meta":{"_seopress_robots_primary_cat":"","_seopress_titles_title":"","_seopress_titles_desc":"","_seopress_robots_index":"","footnotes":""},"categories":[1],"tags":[],"class_list":["post-4351","post","type-post","status-publish","format-standard","has-post-thumbnail","hentry","category-sin-categoria"],"_links":{"self":[{"href":"https:\/\/girasolmultimedios.com\/portal\/wp-json\/wp\/v2\/posts\/4351","targetHints":{"allow":["GET"]}}],"collection":[{"href":"https:\/\/girasolmultimedios.com\/portal\/wp-json\/wp\/v2\/posts"}],"about":[{"href":"https:\/\/girasolmultimedios.com\/portal\/wp-json\/wp\/v2\/types\/post"}],"author":[{"embeddable":true,"href":"https:\/\/girasolmultimedios.com\/portal\/wp-json\/wp\/v2\/users\/2"}],"replies":[{"embeddable":true,"href":"https:\/\/girasolmultimedios.com\/portal\/wp-json\/wp\/v2\/comments?post=4351"}],"version-history":[{"count":1,"href":"https:\/\/girasolmultimedios.com\/portal\/wp-json\/wp\/v2\/posts\/4351\/revisions"}],"predecessor-version":[{"id":4353,"href":"https:\/\/girasolmultimedios.com\/portal\/wp-json\/wp\/v2\/posts\/4351\/revisions\/4353"}],"wp:featuredmedia":[{"embeddable":true,"href":"https:\/\/girasolmultimedios.com\/portal\/wp-json\/wp\/v2\/media\/4352"}],"wp:attachment":[{"href":"https:\/\/girasolmultimedios.com\/portal\/wp-json\/wp\/v2\/media?parent=4351"}],"wp:term":[{"taxonomy":"category","embeddable":true,"href":"https:\/\/girasolmultimedios.com\/portal\/wp-json\/wp\/v2\/categories?post=4351"},{"taxonomy":"post_tag","embeddable":true,"href":"https:\/\/girasolmultimedios.com\/portal\/wp-json\/wp\/v2\/tags?post=4351"}],"curies":[{"name":"wp","href":"https:\/\/api.w.org\/{rel}","templated":true}]}}