{"id":4354,"date":"2026-02-24T09:54:55","date_gmt":"2026-02-24T15:54:55","guid":{"rendered":"https:\/\/girasolmultimedios.com\/portal\/?p=4354"},"modified":"2026-02-24T09:54:55","modified_gmt":"2026-02-24T15:54:55","slug":"salud-cancela-contrato-de-exministra-carla-paredes","status":"publish","type":"post","link":"https:\/\/girasolmultimedios.com\/portal\/salud-cancela-contrato-de-exministra-carla-paredes\/","title":{"rendered":"Salud cancela contrato de exministra Carla Paredes"},"content":{"rendered":"\n<p>Las autoridades de Salud decidieron cancelarle el contrato a la exministra, doctora Carla Mariana Paredes Reyes, pues en claro abuso se poder se asign\u00f3 una plaza en Choluteca y jam\u00e1s ha llegado a trabajar.<\/p>\n\n\n\n<p>Seg\u00fan se confirm\u00f3, a trav\u00e9s de Radio Cadena Voces (RCV), el Acuerdo No. 728-2026 emitido por la Secretar\u00eda de Salud (Sesal), en el que se certifica la cancelaci\u00f3n del contrato laboral de la doctora Carla Mariana Paredes Reyes, quien se desempe\u00f1\u00f3 como m\u00e1xima autoridad de la Sesal durante el gobierno anterior.<\/p>\n\n\n\n<p>El documento, fechado el 20 de febrero del 2026 y notificado oficialmente el 23 de febrero, establece que Paredes Reyes ocupaba el cargo de \u201cM\u00e9dico General de Guardia\u201d en el<\/p>\n\n\n\n<p>Hospital San Lorenzo, con un salario mensual de 105,201.92 lempiras.<br>Sin embargo, tras no superar el periodo de prueba, se procedi\u00f3 a la cancelaci\u00f3n de su contrato.<\/p>\n\n\n\n<p>La acci\u00f3n de personal fue firmada por el subsecretario de Proyectos e Inversiones de la Sesal, Jos\u00e9 Miguel Castillo Hurtado, y detalla que la medida entr\u00f3 en vigor a partir del mismo 23 de febrero.<\/p>\n\n\n\n<p>La notificaci\u00f3n se realiz\u00f3 en el establecimiento de Gualala, Santa B\u00e1rbara, con la presencia de una notificante y un testigo, quienes entregaron a la facultativa el acta que pone fin a su relaci\u00f3n laboral con el Estado.<\/p>\n\n\n\n<p>La filtraci\u00f3n del documento ha generado diversas reacciones en distintos sectores, dado el perfil de la doctora Paredes Reyes, quien anteriormente ocup\u00f3 uno de los cargos m\u00e1s altos dentro de la administraci\u00f3n p\u00fablica en materia de salud.<\/p>\n\n\n\n<p>Su paso de ministra a m\u00e9dico general en un hospital regional hab\u00eda sido interpretado como un giro significativo en su carrera profesional.<\/p>\n","protected":false},"excerpt":{"rendered":"<p>Las autoridades de Salud decidieron cancelarle el contrato a la exministra, doctora Carla Mariana Paredes Reyes, pues en claro abuso se poder se asign\u00f3 una plaza en Choluteca y jam\u00e1s ha llegado a trabajar. Seg\u00fan se confirm\u00f3, a trav\u00e9s de Radio Cadena Voces (RCV), el Acuerdo No. 728-2026 emitido por la Secretar\u00eda de Salud (Sesal), [&hellip;]<\/p>\n","protected":false},"author":2,"featured_media":4355,"comment_status":"closed","ping_status":"open","sticky":false,"template":"","format":"standard","meta":{"_seopress_robots_primary_cat":"","_seopress_titles_title":"","_seopress_titles_desc":"","_seopress_robots_index":"","footnotes":""},"categories":[1],"tags":[],"class_list":["post-4354","post","type-post","status-publish","format-standard","has-post-thumbnail","hentry","category-sin-categoria"],"_links":{"self":[{"href":"https:\/\/girasolmultimedios.com\/portal\/wp-json\/wp\/v2\/posts\/4354","targetHints":{"allow":["GET"]}}],"collection":[{"href":"https:\/\/girasolmultimedios.com\/portal\/wp-json\/wp\/v2\/posts"}],"about":[{"href":"https:\/\/girasolmultimedios.com\/portal\/wp-json\/wp\/v2\/types\/post"}],"author":[{"embeddable":true,"href":"https:\/\/girasolmultimedios.com\/portal\/wp-json\/wp\/v2\/users\/2"}],"replies":[{"embeddable":true,"href":"https:\/\/girasolmultimedios.com\/portal\/wp-json\/wp\/v2\/comments?post=4354"}],"version-history":[{"count":1,"href":"https:\/\/girasolmultimedios.com\/portal\/wp-json\/wp\/v2\/posts\/4354\/revisions"}],"predecessor-version":[{"id":4356,"href":"https:\/\/girasolmultimedios.com\/portal\/wp-json\/wp\/v2\/posts\/4354\/revisions\/4356"}],"wp:featuredmedia":[{"embeddable":true,"href":"https:\/\/girasolmultimedios.com\/portal\/wp-json\/wp\/v2\/media\/4355"}],"wp:attachment":[{"href":"https:\/\/girasolmultimedios.com\/portal\/wp-json\/wp\/v2\/media?parent=4354"}],"wp:term":[{"taxonomy":"category","embeddable":true,"href":"https:\/\/girasolmultimedios.com\/portal\/wp-json\/wp\/v2\/categories?post=4354"},{"taxonomy":"post_tag","embeddable":true,"href":"https:\/\/girasolmultimedios.com\/portal\/wp-json\/wp\/v2\/tags?post=4354"}],"curies":[{"name":"wp","href":"https:\/\/api.w.org\/{rel}","templated":true}]}}