{"id":4369,"date":"2026-02-24T10:07:29","date_gmt":"2026-02-24T16:07:29","guid":{"rendered":"https:\/\/girasolmultimedios.com\/portal\/?p=4369"},"modified":"2026-02-24T10:07:30","modified_gmt":"2026-02-24T16:07:30","slug":"denuncian-abusos-laborales-en-varias-meloneras-del-sur","status":"publish","type":"post","link":"https:\/\/girasolmultimedios.com\/portal\/denuncian-abusos-laborales-en-varias-meloneras-del-sur\/","title":{"rendered":"Denuncian abusos laborales en varias meloneras del sur"},"content":{"rendered":"\n<p>Miembros del Sindicato de Trabajadores de la Agroindustria y Similares (STAS), denunciaron ayer la inestabilidad laboral existente en varias empresas de la zona sur, como tambi\u00e9n el incumplimiento al seguro social de los trabajadores.<\/p>\n\n\n\n<p>El secretario general del STAS, Tom\u00e1s Membre\u00f1o, denunci\u00f3 la violaci\u00f3n a los derechos de trabajadores del rubro del mel\u00f3n en la<\/p>\n\n\n\n<p>zona sur y que pusieron del conocimiento a las autoridades del Ministerio del Trabajo, esperando la respuesta de la instituci\u00f3n.<\/p>\n\n\n\n<p>Entre las violaciones contra los trabajadores, dijo, est\u00e1 que no est\u00e1n amparados al Seguro Social, a las indemnizaciones, pago de d\u00e9cimo cuarto mes de salario y aguinaldo, entre otros.<\/p>\n\n\n\n<p>El sindicato inform\u00f3 que, seg\u00fan el estudio realizado a 904 trabajadores de dos empresas, no les pagaron 14 millones de lempiras.<\/p>\n\n\n\n<p>El monto millonario es por la falta de pago de vacaciones, aguinaldos, entre otras remuneraciones que tienen derecho por ley,<\/p>\n\n\n\n<p>por lo que esperan que las autoridades del Ministerio del Trabajo tomen acciones al respecto, asever\u00f3.<\/p>\n\n\n\n<p>Membre\u00f1o quien tambi\u00e9n es miembro de la Federaci\u00f3n Sindical de Trabajadores de la Agroindustrias y Otros (Festagro), denunci\u00f3 que<\/p>\n\n\n\n<p>una de las empresas se niega a pagar a los trabajadores los derechos adquiridos, ya que vendi\u00f3 sus activos a otra compa\u00f1\u00eda.<\/p>\n","protected":false},"excerpt":{"rendered":"<p>Miembros del Sindicato de Trabajadores de la Agroindustria y Similares (STAS), denunciaron ayer la inestabilidad laboral existente en varias empresas de la zona sur, como tambi\u00e9n el incumplimiento al seguro social de los trabajadores. El secretario general del STAS, Tom\u00e1s Membre\u00f1o, denunci\u00f3 la violaci\u00f3n a los derechos de trabajadores del rubro del mel\u00f3n en la [&hellip;]<\/p>\n","protected":false},"author":2,"featured_media":4370,"comment_status":"closed","ping_status":"open","sticky":false,"template":"","format":"standard","meta":{"_seopress_robots_primary_cat":"","_seopress_titles_title":"","_seopress_titles_desc":"","_seopress_robots_index":"","footnotes":""},"categories":[1],"tags":[],"class_list":["post-4369","post","type-post","status-publish","format-standard","has-post-thumbnail","hentry","category-sin-categoria"],"_links":{"self":[{"href":"https:\/\/girasolmultimedios.com\/portal\/wp-json\/wp\/v2\/posts\/4369","targetHints":{"allow":["GET"]}}],"collection":[{"href":"https:\/\/girasolmultimedios.com\/portal\/wp-json\/wp\/v2\/posts"}],"about":[{"href":"https:\/\/girasolmultimedios.com\/portal\/wp-json\/wp\/v2\/types\/post"}],"author":[{"embeddable":true,"href":"https:\/\/girasolmultimedios.com\/portal\/wp-json\/wp\/v2\/users\/2"}],"replies":[{"embeddable":true,"href":"https:\/\/girasolmultimedios.com\/portal\/wp-json\/wp\/v2\/comments?post=4369"}],"version-history":[{"count":1,"href":"https:\/\/girasolmultimedios.com\/portal\/wp-json\/wp\/v2\/posts\/4369\/revisions"}],"predecessor-version":[{"id":4371,"href":"https:\/\/girasolmultimedios.com\/portal\/wp-json\/wp\/v2\/posts\/4369\/revisions\/4371"}],"wp:featuredmedia":[{"embeddable":true,"href":"https:\/\/girasolmultimedios.com\/portal\/wp-json\/wp\/v2\/media\/4370"}],"wp:attachment":[{"href":"https:\/\/girasolmultimedios.com\/portal\/wp-json\/wp\/v2\/media?parent=4369"}],"wp:term":[{"taxonomy":"category","embeddable":true,"href":"https:\/\/girasolmultimedios.com\/portal\/wp-json\/wp\/v2\/categories?post=4369"},{"taxonomy":"post_tag","embeddable":true,"href":"https:\/\/girasolmultimedios.com\/portal\/wp-json\/wp\/v2\/tags?post=4369"}],"curies":[{"name":"wp","href":"https:\/\/api.w.org\/{rel}","templated":true}]}}