{"id":4382,"date":"2026-03-04T06:48:35","date_gmt":"2026-03-04T12:48:35","guid":{"rendered":"https:\/\/girasolmultimedios.com\/portal\/?p=4382"},"modified":"2026-03-04T06:48:35","modified_gmt":"2026-03-04T12:48:35","slug":"cae-reo-que-con-granada-amenazaba-con-explotar-carcel-de-el-pozo","status":"publish","type":"post","link":"https:\/\/girasolmultimedios.com\/portal\/cae-reo-que-con-granada-amenazaba-con-explotar-carcel-de-el-pozo\/","title":{"rendered":"Cae reo que con granada amenazaba con explotar c\u00e1rcel de \u201cEl Pozo\u201d"},"content":{"rendered":"\n<p>El Ministerio P\u00fablico, por medio de la Fiscal\u00eda Especial contra el Crimen Organizado (FESCCO), junto con el Instituto Nacional Penitenciario (INP), decomisaron una granada de fragmentaci\u00f3n, armas de grueso calibre y celulares en la c\u00e1rcel de \u00abEl Pozo\u00bb, en Ilama, Santa B\u00e1rbara.<\/p>\n\n\n\n<p>El l\u00edder pandillero manten\u00eda bajo amenazas de hacer volar la c\u00e1rcel para ejecutar una fuga masiva de pandilleros y de esa manera convertirse en uno de los l\u00edderes a nivel nacional.<\/p>\n\n\n\n<p>Seg\u00fan el informe del MP, encontraron en dos de los m\u00f3dulos lo siguiente: una granada de fragmentaci\u00f3n, lista para su destrucci\u00f3n por el escuadr\u00f3n Antibombas de las Fuerzas Armadas de Honduras, tres armas de fuego calibres nueve mil\u00edmetros y otro calibre 22 mil\u00edmetros tipo l\u00e1piz, un cargador para pistola, 63 cartuchos de nueve mil\u00edmetros. Nueve cartuchos calibre 22, un tel\u00e9fono satelital y nueve celulares.<\/p>\n\n\n\n<p>Las evidencias fueron remitidas por fiscales de la Unidad Fiscal adscrita al INP, para el proceso legal correspondiente. <\/p>\n","protected":false},"excerpt":{"rendered":"<p>El Ministerio P\u00fablico, por medio de la Fiscal\u00eda Especial contra el Crimen Organizado (FESCCO), junto con el Instituto Nacional Penitenciario (INP), decomisaron una granada de fragmentaci\u00f3n, armas de grueso calibre y celulares en la c\u00e1rcel de \u00abEl Pozo\u00bb, en Ilama, Santa B\u00e1rbara. El l\u00edder pandillero manten\u00eda bajo amenazas de hacer volar la c\u00e1rcel para ejecutar [&hellip;]<\/p>\n","protected":false},"author":2,"featured_media":4383,"comment_status":"closed","ping_status":"open","sticky":false,"template":"","format":"standard","meta":{"_seopress_robots_primary_cat":"","_seopress_titles_title":"","_seopress_titles_desc":"","_seopress_robots_index":"","footnotes":""},"categories":[1],"tags":[],"class_list":["post-4382","post","type-post","status-publish","format-standard","has-post-thumbnail","hentry","category-sin-categoria"],"_links":{"self":[{"href":"https:\/\/girasolmultimedios.com\/portal\/wp-json\/wp\/v2\/posts\/4382","targetHints":{"allow":["GET"]}}],"collection":[{"href":"https:\/\/girasolmultimedios.com\/portal\/wp-json\/wp\/v2\/posts"}],"about":[{"href":"https:\/\/girasolmultimedios.com\/portal\/wp-json\/wp\/v2\/types\/post"}],"author":[{"embeddable":true,"href":"https:\/\/girasolmultimedios.com\/portal\/wp-json\/wp\/v2\/users\/2"}],"replies":[{"embeddable":true,"href":"https:\/\/girasolmultimedios.com\/portal\/wp-json\/wp\/v2\/comments?post=4382"}],"version-history":[{"count":1,"href":"https:\/\/girasolmultimedios.com\/portal\/wp-json\/wp\/v2\/posts\/4382\/revisions"}],"predecessor-version":[{"id":4384,"href":"https:\/\/girasolmultimedios.com\/portal\/wp-json\/wp\/v2\/posts\/4382\/revisions\/4384"}],"wp:featuredmedia":[{"embeddable":true,"href":"https:\/\/girasolmultimedios.com\/portal\/wp-json\/wp\/v2\/media\/4383"}],"wp:attachment":[{"href":"https:\/\/girasolmultimedios.com\/portal\/wp-json\/wp\/v2\/media?parent=4382"}],"wp:term":[{"taxonomy":"category","embeddable":true,"href":"https:\/\/girasolmultimedios.com\/portal\/wp-json\/wp\/v2\/categories?post=4382"},{"taxonomy":"post_tag","embeddable":true,"href":"https:\/\/girasolmultimedios.com\/portal\/wp-json\/wp\/v2\/tags?post=4382"}],"curies":[{"name":"wp","href":"https:\/\/api.w.org\/{rel}","templated":true}]}}