{"id":4385,"date":"2026-03-04T06:49:29","date_gmt":"2026-03-04T12:49:29","guid":{"rendered":"https:\/\/girasolmultimedios.com\/portal\/?p=4385"},"modified":"2026-03-04T06:49:30","modified_gmt":"2026-03-04T12:49:30","slug":"cn-fija-uso-obligatorio-de-chaleco-para-motociclistas-por-las-noches","status":"publish","type":"post","link":"https:\/\/girasolmultimedios.com\/portal\/cn-fija-uso-obligatorio-de-chaleco-para-motociclistas-por-las-noches\/","title":{"rendered":"CN fija uso obligatorio de chaleco para motociclistas por las noches"},"content":{"rendered":"\n<p>El Congreso Nacional aprob\u00f3 una reforma a la Ley de Tr\u00e1nsito orientada a fortalecer las medidas de seguridad vial para conductores y acompa\u00f1antes de motocicletas y otros veh\u00edculos similares.<\/p>\n\n\n\n<p>La reforma adiciona el numeral 28 al art\u00edculo 99 de la Ley de Tr\u00e1nsito, estableciendo que los conductores de motocicletas y sus acompa\u00f1antes deber\u00e1n portar de manera obligatoria un chaleco con distintivo reflectivo en horario nocturno, comprendido entre las 6:00 de la tarde y las 6:00 de la ma\u00f1ana.<\/p>\n\n\n\n<p>Asimismo, se dispone el uso obligatorio de banda reflectora o cualquier otro distintivo de color anaranjado, rojo o blanco para conductores y pasajeros de veh\u00edculos motorizados de dos o tres ruedas con motor fijo o agregado, como motocicletas, motonetas y bicimotos, as\u00ed como bicicletas y otros similares. La banda reflectiva deber\u00e1 estar adherida a un arn\u00e9s o chaleco.<\/p>\n\n\n\n<h2 class=\"wp-block-heading\"><strong>VOLUNTARIO<\/strong><\/h2>\n\n\n\n<p>Durante el horario diurno, entre las 6:00 de la ma\u00f1ana y las 6:00 de la tarde, el uso del chaleco reflectivo ser\u00e1 voluntario, seg\u00fan lo establece el art\u00edculo 2 del decreto aprobado.<\/p>\n\n\n\n<p>El art\u00edculo 3 ordena a la Direcci\u00f3n Nacional de Vialidad y Transporte (DNVT) y dem\u00e1s autoridades competentes adecuar sus procedimientos de control y sanci\u00f3n conforme a la nueva disposici\u00f3n.<\/p>\n\n\n\n<p>Adem\u00e1s, los diputados incorporaron un art\u00edculo nuevo, mediante el cual se exhorta a las empresas distribuidoras a colocar cintas reflectivas en las motocicletas, como una medida complementaria de prevenci\u00f3n y visibilidad en las v\u00edas p\u00fablicas.<\/p>\n","protected":false},"excerpt":{"rendered":"<p>El Congreso Nacional aprob\u00f3 una reforma a la Ley de Tr\u00e1nsito orientada a fortalecer las medidas de seguridad vial para conductores y acompa\u00f1antes de motocicletas y otros veh\u00edculos similares. La reforma adiciona el numeral 28 al art\u00edculo 99 de la Ley de Tr\u00e1nsito, estableciendo que los conductores de motocicletas y sus acompa\u00f1antes deber\u00e1n portar de [&hellip;]<\/p>\n","protected":false},"author":2,"featured_media":4386,"comment_status":"closed","ping_status":"open","sticky":false,"template":"","format":"standard","meta":{"_seopress_robots_primary_cat":"","_seopress_titles_title":"","_seopress_titles_desc":"","_seopress_robots_index":"","footnotes":""},"categories":[1],"tags":[],"class_list":["post-4385","post","type-post","status-publish","format-standard","has-post-thumbnail","hentry","category-sin-categoria"],"_links":{"self":[{"href":"https:\/\/girasolmultimedios.com\/portal\/wp-json\/wp\/v2\/posts\/4385","targetHints":{"allow":["GET"]}}],"collection":[{"href":"https:\/\/girasolmultimedios.com\/portal\/wp-json\/wp\/v2\/posts"}],"about":[{"href":"https:\/\/girasolmultimedios.com\/portal\/wp-json\/wp\/v2\/types\/post"}],"author":[{"embeddable":true,"href":"https:\/\/girasolmultimedios.com\/portal\/wp-json\/wp\/v2\/users\/2"}],"replies":[{"embeddable":true,"href":"https:\/\/girasolmultimedios.com\/portal\/wp-json\/wp\/v2\/comments?post=4385"}],"version-history":[{"count":1,"href":"https:\/\/girasolmultimedios.com\/portal\/wp-json\/wp\/v2\/posts\/4385\/revisions"}],"predecessor-version":[{"id":4387,"href":"https:\/\/girasolmultimedios.com\/portal\/wp-json\/wp\/v2\/posts\/4385\/revisions\/4387"}],"wp:featuredmedia":[{"embeddable":true,"href":"https:\/\/girasolmultimedios.com\/portal\/wp-json\/wp\/v2\/media\/4386"}],"wp:attachment":[{"href":"https:\/\/girasolmultimedios.com\/portal\/wp-json\/wp\/v2\/media?parent=4385"}],"wp:term":[{"taxonomy":"category","embeddable":true,"href":"https:\/\/girasolmultimedios.com\/portal\/wp-json\/wp\/v2\/categories?post=4385"},{"taxonomy":"post_tag","embeddable":true,"href":"https:\/\/girasolmultimedios.com\/portal\/wp-json\/wp\/v2\/tags?post=4385"}],"curies":[{"name":"wp","href":"https:\/\/api.w.org\/{rel}","templated":true}]}}