{"id":4397,"date":"2026-03-04T06:55:29","date_gmt":"2026-03-04T12:55:29","guid":{"rendered":"https:\/\/girasolmultimedios.com\/portal\/?p=4397"},"modified":"2026-03-04T06:55:29","modified_gmt":"2026-03-04T12:55:29","slug":"priorizan-5-sectores-en-plan-para-prevenir-incendios-forestales","status":"publish","type":"post","link":"https:\/\/girasolmultimedios.com\/portal\/priorizan-5-sectores-en-plan-para-prevenir-incendios-forestales\/","title":{"rendered":"Priorizan 5 sectores en plan para prevenir incendios forestales"},"content":{"rendered":"\n<p>El Instituto de Conservaci\u00f3n Forestal (ICF), en el marco del Comit\u00e9 Nacional de Protecci\u00f3n Forestal (Conaprofor), present\u00f3 para su aprobaci\u00f3n el Plan Nacional Contra Incendios Forestales 2026, a m\u00e1s de 20 instituciones.<\/p>\n\n\n\n<p>Tambi\u00e9n dio a conocer el Plan Nacional de Protecci\u00f3n contra Plagas y Enfermedades Forestales 2026 a las instituciones que conforman el organismo extraordinario, con la finalidad de establecer una estrategia conjunta para el combate y prevenci\u00f3n de incendios y el control de plagas y enfermedades forestales.<\/p>\n\n\n\n<p>Con la aprobaci\u00f3n de estos planes, el Gobierno de la Rep\u00fablica, bajo el liderazgo del director del ICF, Armando Ram\u00edrez, establece una l\u00ednea de acci\u00f3n clara y conjunta con las principales instituciones operativas para la protecci\u00f3n y conservaci\u00f3n de los bosques de Honduras.<\/p>\n\n\n\n<p>El jefe del departamento de protecci\u00f3n forestal del ICF, Edwin Castellanos, se\u00f1al\u00f3 que hay cuadrillas contratadas por la instituci\u00f3n y otras que est\u00e1n vinculadas con alcald\u00edas y otras instituciones.<\/p>\n\n\n\n<p>\u201cTenemos priorizados cinco departamentos: Francisco Moraz\u00e1n, Olancho, El Para\u00edso, Comayagua y Yoro. Y a inicio de mes sumamos a Choluteca, donde se ha tenido una incidencia fuerte de incendios forestales y en zacateras\u201d, indic\u00f3.<\/p>\n\n\n\n<p>Castellanos detall\u00f3 que se han reportado 65 incendios a nivel nacional, 25 de ellos en bosques, lamentablemente 18 en microcuencas y cinco en \u00e1reas protegidas, afectando 32 hect\u00e1reas de bosque.<\/p>\n\n\n\n<p>Para enfrentar la temporada de incendios forestales, el ICF contrata este a\u00f1o 70 cuadrillas de combatientes forestales, con una inversi\u00f3n superior a los 40 millones de lempiras.<\/p>\n\n\n\n<p>Junto a este personal trabajar\u00e1n tambi\u00e9n 110 brigadas de actores vinculados en la tem\u00e1tica a nivel local, sumando 180 cuadrillas que har\u00e1n posible un promedio de 1,500 bomberos forestales activos.<\/p>\n\n\n\n<p>Los mismos fueron presentados ante representantes de las Fuerzas Armadas de Honduras (FF. AA.), la Secretar\u00eda de Estado en los Despachos de Gesti\u00f3n de Riesgos y Contingencias Nacionales (Copeco), el Cuerpo de Bomberos de Honduras (CBH), la Secretar\u00eda de Recursos Naturales y Ambiente (Serna), la Asociaci\u00f3n de Madereros de Honduras (Amadho), colegios forestales, entre otros. (DS)<\/p>\n","protected":false},"excerpt":{"rendered":"<p>El Instituto de Conservaci\u00f3n Forestal (ICF), en el marco del Comit\u00e9 Nacional de Protecci\u00f3n Forestal (Conaprofor), present\u00f3 para su aprobaci\u00f3n el Plan Nacional Contra Incendios Forestales 2026, a m\u00e1s de 20 instituciones. Tambi\u00e9n dio a conocer el Plan Nacional de Protecci\u00f3n contra Plagas y Enfermedades Forestales 2026 a las instituciones que conforman el organismo extraordinario, [&hellip;]<\/p>\n","protected":false},"author":2,"featured_media":4398,"comment_status":"closed","ping_status":"open","sticky":false,"template":"","format":"standard","meta":{"_seopress_robots_primary_cat":"","_seopress_titles_title":"","_seopress_titles_desc":"","_seopress_robots_index":"","footnotes":""},"categories":[1],"tags":[],"class_list":["post-4397","post","type-post","status-publish","format-standard","has-post-thumbnail","hentry","category-sin-categoria"],"_links":{"self":[{"href":"https:\/\/girasolmultimedios.com\/portal\/wp-json\/wp\/v2\/posts\/4397","targetHints":{"allow":["GET"]}}],"collection":[{"href":"https:\/\/girasolmultimedios.com\/portal\/wp-json\/wp\/v2\/posts"}],"about":[{"href":"https:\/\/girasolmultimedios.com\/portal\/wp-json\/wp\/v2\/types\/post"}],"author":[{"embeddable":true,"href":"https:\/\/girasolmultimedios.com\/portal\/wp-json\/wp\/v2\/users\/2"}],"replies":[{"embeddable":true,"href":"https:\/\/girasolmultimedios.com\/portal\/wp-json\/wp\/v2\/comments?post=4397"}],"version-history":[{"count":1,"href":"https:\/\/girasolmultimedios.com\/portal\/wp-json\/wp\/v2\/posts\/4397\/revisions"}],"predecessor-version":[{"id":4399,"href":"https:\/\/girasolmultimedios.com\/portal\/wp-json\/wp\/v2\/posts\/4397\/revisions\/4399"}],"wp:featuredmedia":[{"embeddable":true,"href":"https:\/\/girasolmultimedios.com\/portal\/wp-json\/wp\/v2\/media\/4398"}],"wp:attachment":[{"href":"https:\/\/girasolmultimedios.com\/portal\/wp-json\/wp\/v2\/media?parent=4397"}],"wp:term":[{"taxonomy":"category","embeddable":true,"href":"https:\/\/girasolmultimedios.com\/portal\/wp-json\/wp\/v2\/categories?post=4397"},{"taxonomy":"post_tag","embeddable":true,"href":"https:\/\/girasolmultimedios.com\/portal\/wp-json\/wp\/v2\/tags?post=4397"}],"curies":[{"name":"wp","href":"https:\/\/api.w.org\/{rel}","templated":true}]}}