{"id":4400,"date":"2026-03-04T06:58:48","date_gmt":"2026-03-04T12:58:48","guid":{"rendered":"https:\/\/girasolmultimedios.com\/portal\/?p=4400"},"modified":"2026-03-04T06:58:49","modified_gmt":"2026-03-04T12:58:49","slug":"comayagua-se-alista-para-la-semana-santa","status":"publish","type":"post","link":"https:\/\/girasolmultimedios.com\/portal\/comayagua-se-alista-para-la-semana-santa\/","title":{"rendered":"Comayagua se alista para la Semana Santa"},"content":{"rendered":"\n<p>Con el objetivo de fortalecer las tradiciones religiosas y la elaboraci\u00f3n de alfombras durante la semana mayor, la Alcald\u00eda de Comayagua dio inicio a los preparativos para desarrollar una de las celebraciones m\u00e1s emblem\u00e1ticas del pa\u00eds.<\/p>\n\n\n\n<p>Cada a\u00f1o, la ciudad de Comayagua se convierte en la capital del turismo religioso de Honduras, atrayendo a miles de visitantes nacionales e internacionales que llegan para apreciar las tradicionales alfombras de aserr\u00edn y participar en las actividades lit\u00fargicas propias de la Semana Santa.<\/p>\n\n\n\n<p>El alcalde Carlos Miranda destac\u00f3 que esta es una de las temporadas m\u00e1s importantes para el municipio. \u201cLa Semana Santa es una de las \u00e9pocas m\u00e1s significativas para Comayagua, es cuando m\u00e1s visitas recibimos. Los preparativos ya iniciaron; no es nada f\u00e1cil, debemos cumplir varias metas, especialmente en la cantidad de alfombras que queremos tener este a\u00f1o.<\/p>\n\n\n\n<p>\u201cEn la alcald\u00eda aportamos el aserr\u00edn y la anilina, que adquirimos en el extranjero\u201d, expres\u00f3. Asimismo, se\u00f1al\u00f3 que se cuenta con un equipo comprometido que trabaja desde ya en la planificaci\u00f3n y log\u00edstica de las actividades.<\/p>\n\n\n\n<p>\u201cCada a\u00f1o debe ser diferente. Somos la capital del turismo religioso de Honduras y, as\u00ed como innovamos con el paseo navide\u00f1o, este a\u00f1o vamos a mejorar, si Dios lo permite, en esta Semana Santa\u201d, enfatiz\u00f3.<\/p>\n\n\n\n<p>Durante la semana mayor, la municipalidad tambi\u00e9n embellece la ciudad con la decoraci\u00f3n de plazas y edificios patrimoniales, reforzando el atractivo tur\u00edstico y cultural del casco hist\u00f3rico.<\/p>\n\n\n\n<p>Finalmente, el alcalde hizo un llamado a la ciudadan\u00eda en general para que visite Comayagua y viva de cerca esta manifestaci\u00f3n de fe, arte y tradici\u00f3n que distingue al municipio como referente del turismo religioso en el pa\u00eds.&nbsp;<\/p>\n","protected":false},"excerpt":{"rendered":"<p>Con el objetivo de fortalecer las tradiciones religiosas y la elaboraci\u00f3n de alfombras durante la semana mayor, la Alcald\u00eda de Comayagua dio inicio a los preparativos para desarrollar una de las celebraciones m\u00e1s emblem\u00e1ticas del pa\u00eds. Cada a\u00f1o, la ciudad de Comayagua se convierte en la capital del turismo religioso de Honduras, atrayendo a miles [&hellip;]<\/p>\n","protected":false},"author":2,"featured_media":4401,"comment_status":"closed","ping_status":"open","sticky":false,"template":"","format":"standard","meta":{"_seopress_robots_primary_cat":"","_seopress_titles_title":"","_seopress_titles_desc":"","_seopress_robots_index":"","footnotes":""},"categories":[1],"tags":[],"class_list":["post-4400","post","type-post","status-publish","format-standard","has-post-thumbnail","hentry","category-sin-categoria"],"_links":{"self":[{"href":"https:\/\/girasolmultimedios.com\/portal\/wp-json\/wp\/v2\/posts\/4400","targetHints":{"allow":["GET"]}}],"collection":[{"href":"https:\/\/girasolmultimedios.com\/portal\/wp-json\/wp\/v2\/posts"}],"about":[{"href":"https:\/\/girasolmultimedios.com\/portal\/wp-json\/wp\/v2\/types\/post"}],"author":[{"embeddable":true,"href":"https:\/\/girasolmultimedios.com\/portal\/wp-json\/wp\/v2\/users\/2"}],"replies":[{"embeddable":true,"href":"https:\/\/girasolmultimedios.com\/portal\/wp-json\/wp\/v2\/comments?post=4400"}],"version-history":[{"count":1,"href":"https:\/\/girasolmultimedios.com\/portal\/wp-json\/wp\/v2\/posts\/4400\/revisions"}],"predecessor-version":[{"id":4402,"href":"https:\/\/girasolmultimedios.com\/portal\/wp-json\/wp\/v2\/posts\/4400\/revisions\/4402"}],"wp:featuredmedia":[{"embeddable":true,"href":"https:\/\/girasolmultimedios.com\/portal\/wp-json\/wp\/v2\/media\/4401"}],"wp:attachment":[{"href":"https:\/\/girasolmultimedios.com\/portal\/wp-json\/wp\/v2\/media?parent=4400"}],"wp:term":[{"taxonomy":"category","embeddable":true,"href":"https:\/\/girasolmultimedios.com\/portal\/wp-json\/wp\/v2\/categories?post=4400"},{"taxonomy":"post_tag","embeddable":true,"href":"https:\/\/girasolmultimedios.com\/portal\/wp-json\/wp\/v2\/tags?post=4400"}],"curies":[{"name":"wp","href":"https:\/\/api.w.org\/{rel}","templated":true}]}}