{"id":4424,"date":"2026-03-05T07:49:30","date_gmt":"2026-03-05T13:49:30","guid":{"rendered":"https:\/\/girasolmultimedios.com\/portal\/?p=4424"},"modified":"2026-03-05T07:49:30","modified_gmt":"2026-03-05T13:49:30","slug":"medicos-cubanos-abandonan-el-pais","status":"publish","type":"post","link":"https:\/\/girasolmultimedios.com\/portal\/medicos-cubanos-abandonan-el-pais\/","title":{"rendered":"M\u00e9dicos cubanos abandonan el pa\u00eds"},"content":{"rendered":"\n<p>Luego de permanecer por dos a\u00f1os en Honduras, la brigada de 170 m\u00e9dicos cubanos sali\u00f3 del pa\u00eds, despu\u00e9s de que la Secretar\u00eda de Salud (Sesal) no renovara el contrato de convenio de brigadas.<\/p>\n\n\n\n<p>El embajador de Cuba en Honduras, Juan Laforte, lleg\u00f3 al aeropuerto Villeda Morales, para despedir a la brigada de m\u00e9dicos que retornan a la isla, despu\u00e9s de permanecer en 17 departamentos del pa\u00eds, atendiendo 32 especialidades.<\/p>\n\n\n\n<p>\u201cComo no se renov\u00f3 el contrato, no tiene sentido regresar, no hay renovaci\u00f3n es una decisi\u00f3n soberana del gobierno hondure\u00f1o; ellos prestaron muchos servicios que son gratuitos a la poblaci\u00f3n\u201d, indic\u00f3.<\/p>\n\n\n\n<p>Advirti\u00f3 que ya no es responsabilidad de los m\u00e9dicos cubanos lo que pasar\u00e1 con la poblaci\u00f3n que recib\u00eda sus servicios, ya que muchos quedaron con citas pendientes que deber\u00e1 cubrir el nuevo personal que llegue.<\/p>\n\n\n\n<p>Se\u00f1al\u00f3 que los m\u00e9dicos cubanos arribaron a Honduras porque la pasada administraci\u00f3n les dijo que era necesaria su presencia, pero que una vez deja de serlo, el gobierno tiene la decisi\u00f3n de prescindir de sus servicios.&nbsp;<\/p>\n","protected":false},"excerpt":{"rendered":"<p>Luego de permanecer por dos a\u00f1os en Honduras, la brigada de 170 m\u00e9dicos cubanos sali\u00f3 del pa\u00eds, despu\u00e9s de que la Secretar\u00eda de Salud (Sesal) no renovara el contrato de convenio de brigadas. El embajador de Cuba en Honduras, Juan Laforte, lleg\u00f3 al aeropuerto Villeda Morales, para despedir a la brigada de m\u00e9dicos que retornan [&hellip;]<\/p>\n","protected":false},"author":2,"featured_media":4425,"comment_status":"closed","ping_status":"open","sticky":false,"template":"","format":"standard","meta":{"_seopress_robots_primary_cat":"","_seopress_titles_title":"","_seopress_titles_desc":"","_seopress_robots_index":"","footnotes":""},"categories":[1],"tags":[],"class_list":["post-4424","post","type-post","status-publish","format-standard","has-post-thumbnail","hentry","category-sin-categoria"],"_links":{"self":[{"href":"https:\/\/girasolmultimedios.com\/portal\/wp-json\/wp\/v2\/posts\/4424","targetHints":{"allow":["GET"]}}],"collection":[{"href":"https:\/\/girasolmultimedios.com\/portal\/wp-json\/wp\/v2\/posts"}],"about":[{"href":"https:\/\/girasolmultimedios.com\/portal\/wp-json\/wp\/v2\/types\/post"}],"author":[{"embeddable":true,"href":"https:\/\/girasolmultimedios.com\/portal\/wp-json\/wp\/v2\/users\/2"}],"replies":[{"embeddable":true,"href":"https:\/\/girasolmultimedios.com\/portal\/wp-json\/wp\/v2\/comments?post=4424"}],"version-history":[{"count":1,"href":"https:\/\/girasolmultimedios.com\/portal\/wp-json\/wp\/v2\/posts\/4424\/revisions"}],"predecessor-version":[{"id":4426,"href":"https:\/\/girasolmultimedios.com\/portal\/wp-json\/wp\/v2\/posts\/4424\/revisions\/4426"}],"wp:featuredmedia":[{"embeddable":true,"href":"https:\/\/girasolmultimedios.com\/portal\/wp-json\/wp\/v2\/media\/4425"}],"wp:attachment":[{"href":"https:\/\/girasolmultimedios.com\/portal\/wp-json\/wp\/v2\/media?parent=4424"}],"wp:term":[{"taxonomy":"category","embeddable":true,"href":"https:\/\/girasolmultimedios.com\/portal\/wp-json\/wp\/v2\/categories?post=4424"},{"taxonomy":"post_tag","embeddable":true,"href":"https:\/\/girasolmultimedios.com\/portal\/wp-json\/wp\/v2\/tags?post=4424"}],"curies":[{"name":"wp","href":"https:\/\/api.w.org\/{rel}","templated":true}]}}