{"id":4427,"date":"2026-03-05T07:57:02","date_gmt":"2026-03-05T13:57:02","guid":{"rendered":"https:\/\/girasolmultimedios.com\/portal\/?p=4427"},"modified":"2026-03-05T07:57:03","modified_gmt":"2026-03-05T13:57:03","slug":"delcy-rodriguez-agradece-a-donald-trump-por-su-amable-disposicion-de-trabajo-conjunto","status":"publish","type":"post","link":"https:\/\/girasolmultimedios.com\/portal\/delcy-rodriguez-agradece-a-donald-trump-por-su-amable-disposicion-de-trabajo-conjunto\/","title":{"rendered":"Delcy Rodr\u00edguez agradece a Donald Trump por su \u00abamable disposici\u00f3n\u00bb de trabajo conjunto"},"content":{"rendered":"\n<p>La presidenta encargada de Venezuela, Delcy Rodr\u00edguez, agradeci\u00f3 este mi\u00e9rcoles al mandatario de Estados Unidos, Donald Trump, por su \u00abamable disposici\u00f3n\u00bb de trabajo conjunto en una agenda que \u00abfortalezca la cooperaci\u00f3n binacional\u00bb.<\/p>\n\n\n\n<p>El mensaje, publicado en su cuenta de X, fue en respuesta a una publicaci\u00f3n de Trump en la que el estadounidense insisti\u00f3 que Rodr\u00edguez \u00abest\u00e1 haciendo un excelente trabajo\u00bb y colaborando \u00abmuy bien\u00bb con Estados Unidos.<\/p>\n\n\n\n<p>\u00abDelcy Rodr\u00edguez, presidenta de Venezuela, est\u00e1 haciendo un excelente trabajo y colaborando muy bien con los representantes estadounidenses. El petr\u00f3leo est\u00e1 empezando a fluir, y el profesionalismo y la dedicaci\u00f3n entre ambos pa\u00edses es algo muy grato de ver\u00bb, escribi\u00f3 Trump en un mensaje en su&nbsp;red social Truth.<\/p>\n\n\n\n<p>El comentario lleg\u00f3 un d\u00eda despu\u00e9s de que varias informaciones aseguraran que Washington prepara una imputaci\u00f3n penal contra la l\u00edder chavista para ejercer presi\u00f3n sobre su Gobierno.<\/p>\n\n\n\n<p>Este mi\u00e9rcoles, la presidenta encargada de Venezuela recibi\u00f3 en Caracas al secretario de Interior de Estados Unidos, Doug Burgum, para abordar temas de inter\u00e9s en la cooperaci\u00f3n energ\u00e9tica y fortalecer el sector minero.<\/p>\n\n\n\n<p>Burgum lleg\u00f3 al Palacio de Miraflores -sede del Ejecutivo- para una reuni\u00f3n privada en la que tambi\u00e9n particip\u00f3 el ministro de Interior y Justicia, Diosdado Cabello.<\/p>\n\n\n\n<p>La visita del funcionario estadounidense se da dos d\u00edas despu\u00e9s de que el presidente del Parlamento y hermano de la mandataria encargada, Jorge Rodr\u00edguez, se\u00f1alara en una entrevista que el Legislativo prepara una reforma en la ley que rige la miner\u00eda para permitir la inversi\u00f3n extranjera.<a href=\"https:\/\/twitter.com\/intent\/tweet?text=Delcy+Rodr%C3%ADguez+agradece+a+Donald+Trump+por+su+%C2%ABamable+disposici%C3%B3n%C2%BB+de+trabajo+conjunto&amp;url=https%3A%2F%2Fwww.latribuna.hn%2F2026%2F03%2F04%2Fdelcy-rodriguez-agradece-a-donald-trump-por-su-amable-disposicion-de-trabajo-conjunto%2F\"><\/a><\/p>\n\n\n\n<p><a href=\"https:\/\/twitter.com\/intent\/tweet?text=Delcy+Rodr%C3%ADguez+agradece+a+Donald+Trump+por+su+%C2%ABamable+disposici%C3%B3n%C2%BB+de+trabajo+conjunto&amp;url=https%3A%2F%2Fwww.latribuna.hn%2F2026%2F03%2F04%2Fdelcy-rodriguez-agradece-a-donald-trump-por-su-amable-disposicion-de-trabajo-conjunto%2F\"><\/a><a href=\"https:\/\/api.whatsapp.com\/send?text=Delcy+Rodr%C3%ADguez+agradece+a+Donald+Trump+por+su+%C2%ABamable+disposici%C3%B3n%C2%BB+de+trabajo+conjunto%20%0A%0A%20https:\/\/www.latribuna.hn\/2026\/03\/04\/delcy-rodriguez-agradece-a-donald-trump-por-su-amable-disposicion-de-trabajo-conjunto\/\"><\/a><a href=\"mailto:?subject=Delcy%20Rodr%C3%ADguez%20agradece%20a%20Donald%20Trump%20por%20su%20%C2%ABamable%20disposici%C3%B3n%C2%BB%20de%20trabajo%20conjunto&amp;body=https:\/\/www.latribuna.hn\/2026\/03\/04\/delcy-rodriguez-agradece-a-donald-trump-por-su-amable-disposicion-de-trabajo-conjunto\/\"><\/a><a href=\"https:\/\/www.latribuna.hn\/2026\/03\/04\/delcy-rodriguez-agradece-a-donald-trump-por-su-amable-disposicion-de-trabajo-conjunto\/\"><\/a><\/p>\n\n\n\n<p><\/p>\n","protected":false},"excerpt":{"rendered":"<p>La presidenta encargada de Venezuela, Delcy Rodr\u00edguez, agradeci\u00f3 este mi\u00e9rcoles al mandatario de Estados Unidos, Donald Trump, por su \u00abamable disposici\u00f3n\u00bb de trabajo conjunto en una agenda que \u00abfortalezca la cooperaci\u00f3n binacional\u00bb. El mensaje, publicado en su cuenta de X, fue en respuesta a una publicaci\u00f3n de Trump en la que el estadounidense insisti\u00f3 que [&hellip;]<\/p>\n","protected":false},"author":2,"featured_media":4428,"comment_status":"closed","ping_status":"open","sticky":false,"template":"","format":"standard","meta":{"_seopress_robots_primary_cat":"","_seopress_titles_title":"","_seopress_titles_desc":"","_seopress_robots_index":"","footnotes":""},"categories":[1],"tags":[],"class_list":["post-4427","post","type-post","status-publish","format-standard","has-post-thumbnail","hentry","category-sin-categoria"],"_links":{"self":[{"href":"https:\/\/girasolmultimedios.com\/portal\/wp-json\/wp\/v2\/posts\/4427","targetHints":{"allow":["GET"]}}],"collection":[{"href":"https:\/\/girasolmultimedios.com\/portal\/wp-json\/wp\/v2\/posts"}],"about":[{"href":"https:\/\/girasolmultimedios.com\/portal\/wp-json\/wp\/v2\/types\/post"}],"author":[{"embeddable":true,"href":"https:\/\/girasolmultimedios.com\/portal\/wp-json\/wp\/v2\/users\/2"}],"replies":[{"embeddable":true,"href":"https:\/\/girasolmultimedios.com\/portal\/wp-json\/wp\/v2\/comments?post=4427"}],"version-history":[{"count":1,"href":"https:\/\/girasolmultimedios.com\/portal\/wp-json\/wp\/v2\/posts\/4427\/revisions"}],"predecessor-version":[{"id":4429,"href":"https:\/\/girasolmultimedios.com\/portal\/wp-json\/wp\/v2\/posts\/4427\/revisions\/4429"}],"wp:featuredmedia":[{"embeddable":true,"href":"https:\/\/girasolmultimedios.com\/portal\/wp-json\/wp\/v2\/media\/4428"}],"wp:attachment":[{"href":"https:\/\/girasolmultimedios.com\/portal\/wp-json\/wp\/v2\/media?parent=4427"}],"wp:term":[{"taxonomy":"category","embeddable":true,"href":"https:\/\/girasolmultimedios.com\/portal\/wp-json\/wp\/v2\/categories?post=4427"},{"taxonomy":"post_tag","embeddable":true,"href":"https:\/\/girasolmultimedios.com\/portal\/wp-json\/wp\/v2\/tags?post=4427"}],"curies":[{"name":"wp","href":"https:\/\/api.w.org\/{rel}","templated":true}]}}