{"id":4436,"date":"2026-03-06T08:03:51","date_gmt":"2026-03-06T14:03:51","guid":{"rendered":"https:\/\/girasolmultimedios.com\/portal\/?p=4436"},"modified":"2026-03-06T08:03:51","modified_gmt":"2026-03-06T14:03:51","slug":"pobladores-protestan-y-bloquean-carretera-hacia-mateo-y-lepaterique","status":"publish","type":"post","link":"https:\/\/girasolmultimedios.com\/portal\/pobladores-protestan-y-bloquean-carretera-hacia-mateo-y-lepaterique\/","title":{"rendered":"Pobladores protestan y bloquean carretera hacia Mateo y Lepaterique"},"content":{"rendered":"\n<p>Un grupo de pobladores mantiene una toma de la carretera que conduce hacia la aldea de Mateo y el municipio de Lepaterique, en el\u00a0Distrito Central, como medida de presi\u00f3n para exigir a las autoridades la pavimentaci\u00f3n de la v\u00eda, la cual aseguran ha permanecido abandonada durante a\u00f1os.<\/p>\n\n\n\n<p>Los manifestantes indicaron que el mal estado de la carretera afecta a las comunidades del sector, especialmente en temporada de lluvias, cuando el paso se vuelve m\u00e1s dif\u00edcil para el transporte de personas, mercanc\u00edas y servicios.<\/p>\n\n\n\n<p>\u201cTenemos tiempo en esto, nos afecta a todos y la calle nos arruina los carros\u201d, expresaron algunos de los pobladores durante la protesta.<\/p>\n\n\n\n<h4 class=\"wp-block-heading\"><strong>Reclamo por promesas incumplidas<\/strong><\/h4>\n\n\n\n<p>Seg\u00fan denunciaron los vecinos, durante varios a\u00f1os han solicitado la mejora de la carretera, pero hasta ahora no han recibido una respuesta concreta de las autoridades.<\/p>\n\n\n\n<p>Ante esta situaci\u00f3n, decidieron bloquear el paso en el sector de Mateo para llamar la atenci\u00f3n de las instituciones responsables y exigir una soluci\u00f3n definitiva al problema.<\/p>\n\n\n\n<p>Los manifestantes tambi\u00e9n se\u00f1alaron que en la zona se habr\u00eda pavimentado una propiedad privada perteneciente a una alta funcionaria, mientras que el resto de la comunidad contin\u00faa esperando la ejecuci\u00f3n del proyecto vial.<\/p>\n","protected":false},"excerpt":{"rendered":"<p>Un grupo de pobladores mantiene una toma de la carretera que conduce hacia la aldea de Mateo y el municipio de Lepaterique, en el\u00a0Distrito Central, como medida de presi\u00f3n para exigir a las autoridades la pavimentaci\u00f3n de la v\u00eda, la cual aseguran ha permanecido abandonada durante a\u00f1os. Los manifestantes indicaron que el mal estado de [&hellip;]<\/p>\n","protected":false},"author":2,"featured_media":4437,"comment_status":"closed","ping_status":"open","sticky":false,"template":"","format":"standard","meta":{"_seopress_robots_primary_cat":"","_seopress_titles_title":"","_seopress_titles_desc":"","_seopress_robots_index":"","footnotes":""},"categories":[1],"tags":[],"class_list":["post-4436","post","type-post","status-publish","format-standard","has-post-thumbnail","hentry","category-sin-categoria"],"_links":{"self":[{"href":"https:\/\/girasolmultimedios.com\/portal\/wp-json\/wp\/v2\/posts\/4436","targetHints":{"allow":["GET"]}}],"collection":[{"href":"https:\/\/girasolmultimedios.com\/portal\/wp-json\/wp\/v2\/posts"}],"about":[{"href":"https:\/\/girasolmultimedios.com\/portal\/wp-json\/wp\/v2\/types\/post"}],"author":[{"embeddable":true,"href":"https:\/\/girasolmultimedios.com\/portal\/wp-json\/wp\/v2\/users\/2"}],"replies":[{"embeddable":true,"href":"https:\/\/girasolmultimedios.com\/portal\/wp-json\/wp\/v2\/comments?post=4436"}],"version-history":[{"count":1,"href":"https:\/\/girasolmultimedios.com\/portal\/wp-json\/wp\/v2\/posts\/4436\/revisions"}],"predecessor-version":[{"id":4438,"href":"https:\/\/girasolmultimedios.com\/portal\/wp-json\/wp\/v2\/posts\/4436\/revisions\/4438"}],"wp:featuredmedia":[{"embeddable":true,"href":"https:\/\/girasolmultimedios.com\/portal\/wp-json\/wp\/v2\/media\/4437"}],"wp:attachment":[{"href":"https:\/\/girasolmultimedios.com\/portal\/wp-json\/wp\/v2\/media?parent=4436"}],"wp:term":[{"taxonomy":"category","embeddable":true,"href":"https:\/\/girasolmultimedios.com\/portal\/wp-json\/wp\/v2\/categories?post=4436"},{"taxonomy":"post_tag","embeddable":true,"href":"https:\/\/girasolmultimedios.com\/portal\/wp-json\/wp\/v2\/tags?post=4436"}],"curies":[{"name":"wp","href":"https:\/\/api.w.org\/{rel}","templated":true}]}}