{"id":4448,"date":"2026-03-06T08:08:57","date_gmt":"2026-03-06T14:08:57","guid":{"rendered":"https:\/\/girasolmultimedios.com\/portal\/?p=4448"},"modified":"2026-03-06T08:08:57","modified_gmt":"2026-03-06T14:08:57","slug":"trump-convoca-en-miami-su-propia-cumbre-de-las-americas-de-la-derecha","status":"publish","type":"post","link":"https:\/\/girasolmultimedios.com\/portal\/trump-convoca-en-miami-su-propia-cumbre-de-las-americas-de-la-derecha\/","title":{"rendered":"Trump convoca en Miami su propia \u00abcumbre de las Am\u00e9ricas\u00bb de la derecha"},"content":{"rendered":"\n<p>El presidente de Estados Unidos, Donald Trump, reunir\u00e1 el s\u00e1bado en Miami a mandatarios como el argentino Javier Milei y el salvadore\u00f1o Nayib Bukele en un encuentro que perfila su propia \u00abcumbre de las Am\u00e9ricas\u00bb de la derecha, al consolidar la ciudad como epicentro de un bloque latinoamericano alineado con Washington y del que quedan fuera gobiernos como los de M\u00e9xico, Brasil y Colombia.<\/p>\n\n\n\n<p>A la \u2018Cumbre del Escudo de las Am\u00e9ricas\u2019 de Trump asisten tambi\u00e9n los mandatarios de Bolivia, Costa Rica, Ecuador, Honduras, Rep\u00fablica Dominicana, Panam\u00e1, Paraguay y Trinidad y Tobago, adem\u00e1s de Jos\u00e9 Antonio Kast, presidente electo de Chile, quienes se han ajustado a EE.UU. en migraci\u00f3n, narcotr\u00e1fico y la relaci\u00f3n con Cuba.<\/p>\n\n\n\n<p>Con este encuentro, Estados Unidos busca \u00abreemplazar a la Cumbre de las Am\u00e9ricas\u00bb que lanz\u00f3 el Gobierno de Bill Clinton en 1994 en Miami, pero \u00abcon solo aquellos que se llevan bien con el presidente Trump\u00bb, considera Eduardo Gamarra, experto en pol\u00edtica latinoamericana de la Universidad Internacional de Florida (FIU).<\/p>\n\n\n\n<p>\u00abEsta cumbre de individuos ideol\u00f3gicamente alineados con el presidente Trump va a servir dos prop\u00f3sitos: terminar el proceso de la Cumbre de las Am\u00e9ricas, donde ven\u00edan tipos que no estaban alineados, y m\u00e1s o menos, de alguna manera, se\u00f1alar la obsolescencia de la OEA (Organizaci\u00f3n de Estados Americanos)\u00bb, dice.<\/p>\n\n\n\n<h4 class=\"wp-block-heading\"><strong>Los temas: narcotr\u00e1fico y Doctrina Monroe<\/strong><\/h4>\n\n\n\n<p>La reuni\u00f3n se enmarca dentro del combate militar de Washington al narcotr\u00e1fico en Latinoam\u00e9rica y el relanzamiento de la Doctrina Monroe en la Administraci\u00f3n de Trump, que justifica intervenir en la regi\u00f3n por seguridad nacional, a\u00f1ade el profesor de pol\u00edtica internacional.<\/p>\n\n\n\n<p>De hecho, en v\u00edsperas de la cumbre, el secretario de Guerra de EE.UU., Pete Hegseth, lider\u00f3 en Miami la conferencia inaugural de las \u2018Am\u00e9ricas contra los carteles\u2019 en la que urgi\u00f3 a casi 20 gobiernos latinoamericanos y caribe\u00f1os combatir a los \u00abnarcoterroristas\u00bb al advertir de que EE.UU. est\u00e1 listo para una ofensiva en solitario.<\/p>\n\n\n\n<p>Mientras la portavoz de la Casa Blanca, Karoline Leavitt, afirm\u00f3 el mi\u00e9rcoles que el \u2018Escudo de las Am\u00e9ricas\u2019 busca promover la seguridad en la regi\u00f3n con pa\u00edses que \u00abhan formado una coalici\u00f3n hist\u00f3rica\u00bb para \u00ababordar la migraci\u00f3n ilegal y masiva, as\u00ed como la amenaza de bandas criminales, narcotraficantes y terroristas\u00bb.<\/p>\n\n\n\n<p>Trump tambi\u00e9n buscar\u00eda que Latinoam\u00e9rica se comprometa a frenar la influencia de China e Ir\u00e1n bajo la perspectiva de la Doctrina Monroe, por lo que podr\u00eda haber un pronunciamiento en ese sentido, previ\u00f3 Gamarra.<\/p>\n\n\n\n<h4 class=\"wp-block-heading\"><strong>Una nueva alineaci\u00f3n ideol\u00f3gica<\/strong><\/h4>\n\n\n\n<p>El evento tambi\u00e9n persigue un nuevo \u00abalineamiento ideol\u00f3gico frente a otros gobiernos\u00bb de izquierda, como el de Gustavo Petro en Colombia, Claudia Sheinbaum en M\u00e9xico, y Luiz In\u00e1cio Lula da Silva en Brasil, quienes est\u00e1n excluidos pese a cooperar con EE.UU. en seguridad, apunta el consultor pol\u00edtico Daniel Kersffeld.<\/p>\n","protected":false},"excerpt":{"rendered":"<p>El presidente de Estados Unidos, Donald Trump, reunir\u00e1 el s\u00e1bado en Miami a mandatarios como el argentino Javier Milei y el salvadore\u00f1o Nayib Bukele en un encuentro que perfila su propia \u00abcumbre de las Am\u00e9ricas\u00bb de la derecha, al consolidar la ciudad como epicentro de un bloque latinoamericano alineado con Washington y del que quedan [&hellip;]<\/p>\n","protected":false},"author":2,"featured_media":4449,"comment_status":"closed","ping_status":"open","sticky":false,"template":"","format":"standard","meta":{"_seopress_robots_primary_cat":"","_seopress_titles_title":"","_seopress_titles_desc":"","_seopress_robots_index":"","footnotes":""},"categories":[1],"tags":[],"class_list":["post-4448","post","type-post","status-publish","format-standard","has-post-thumbnail","hentry","category-sin-categoria"],"_links":{"self":[{"href":"https:\/\/girasolmultimedios.com\/portal\/wp-json\/wp\/v2\/posts\/4448","targetHints":{"allow":["GET"]}}],"collection":[{"href":"https:\/\/girasolmultimedios.com\/portal\/wp-json\/wp\/v2\/posts"}],"about":[{"href":"https:\/\/girasolmultimedios.com\/portal\/wp-json\/wp\/v2\/types\/post"}],"author":[{"embeddable":true,"href":"https:\/\/girasolmultimedios.com\/portal\/wp-json\/wp\/v2\/users\/2"}],"replies":[{"embeddable":true,"href":"https:\/\/girasolmultimedios.com\/portal\/wp-json\/wp\/v2\/comments?post=4448"}],"version-history":[{"count":1,"href":"https:\/\/girasolmultimedios.com\/portal\/wp-json\/wp\/v2\/posts\/4448\/revisions"}],"predecessor-version":[{"id":4450,"href":"https:\/\/girasolmultimedios.com\/portal\/wp-json\/wp\/v2\/posts\/4448\/revisions\/4450"}],"wp:featuredmedia":[{"embeddable":true,"href":"https:\/\/girasolmultimedios.com\/portal\/wp-json\/wp\/v2\/media\/4449"}],"wp:attachment":[{"href":"https:\/\/girasolmultimedios.com\/portal\/wp-json\/wp\/v2\/media?parent=4448"}],"wp:term":[{"taxonomy":"category","embeddable":true,"href":"https:\/\/girasolmultimedios.com\/portal\/wp-json\/wp\/v2\/categories?post=4448"},{"taxonomy":"post_tag","embeddable":true,"href":"https:\/\/girasolmultimedios.com\/portal\/wp-json\/wp\/v2\/tags?post=4448"}],"curies":[{"name":"wp","href":"https:\/\/api.w.org\/{rel}","templated":true}]}}