{"id":4451,"date":"2026-03-06T08:11:33","date_gmt":"2026-03-06T14:11:33","guid":{"rendered":"https:\/\/girasolmultimedios.com\/portal\/?p=4451"},"modified":"2026-03-06T08:11:34","modified_gmt":"2026-03-06T14:11:34","slug":"que-tipo-de-cancer-padece-carlos-zelaya","status":"publish","type":"post","link":"https:\/\/girasolmultimedios.com\/portal\/que-tipo-de-cancer-padece-carlos-zelaya\/","title":{"rendered":"\u00bfQu\u00e9 tipo de c\u00e1ncer padece Carlos Zelaya?"},"content":{"rendered":"\n<p>El exsecretario del\u00a0Congreso Nacional\u00a0de Honduras, Carlos Zelaya, padece, presuntamente, c\u00e1ncer de laringe, una enfermedad que ya afecta su voz y su audici\u00f3n, pese a que actualmente recibe tratamiento intensivo.<\/p>\n\n\n\n<p>Seg\u00fan una fuente cercana al caso, el tambi\u00e9n hermano del expresidente Manuel Zelaya presenta un deterioro significativo en su capacidad de hablar y escuchar, por lo que las personas cercanas se comunican con \u00e9l principalmente mediante textos escritos.<\/p>\n\n\n\n<p>Carlos Zelaya, cu\u00f1ado de la presidenta Xiomara Castro, se mantiene bajo atenci\u00f3n m\u00e9dica especializada, aunque hasta el momento no se han revelado mayores detalles sobre la evoluci\u00f3n de su estado de salud.<\/p>\n\n\n\n<h4 class=\"wp-block-heading\"><em><strong>\u00bfQu\u00e9 es el c\u00e1ncer de laringe?<\/strong><\/em><\/h4>\n\n\n\n<p>El c\u00e1ncer de laringe es una enfermedad maligna que se desarrolla en la laringe, conocida como la \u201ccaja de la voz\u201d. Entre sus s\u00edntomas m\u00e1s frecuentes se encuentran la ronquera persistente, dolor de garganta, dificultad para tragar y cambios en la voz.<\/p>\n\n\n\n<p>Especialistas se\u00f1alan que este tipo de c\u00e1ncer suele presentarse con mayor frecuencia en personas con antecedentes de consumo de tabaco o alcohol, aunque tambi\u00e9n puede desarrollarse por otros factores.<\/p>\n\n\n\n<p>En los \u00faltimos meses, el nombre de Carlos Zelaya tambi\u00e9n estuvo en el centro de la pol\u00e9mica pol\u00edtica luego de la difusi\u00f3n de un video en el que aparece presuntamente negociando con narcotraficantes, situaci\u00f3n que gener\u00f3 debate en el \u00e1mbito p\u00fablico y pol\u00edtico del pa\u00eds.<\/p>\n","protected":false},"excerpt":{"rendered":"<p>El exsecretario del\u00a0Congreso Nacional\u00a0de Honduras, Carlos Zelaya, padece, presuntamente, c\u00e1ncer de laringe, una enfermedad que ya afecta su voz y su audici\u00f3n, pese a que actualmente recibe tratamiento intensivo. Seg\u00fan una fuente cercana al caso, el tambi\u00e9n hermano del expresidente Manuel Zelaya presenta un deterioro significativo en su capacidad de hablar y escuchar, por lo [&hellip;]<\/p>\n","protected":false},"author":2,"featured_media":4452,"comment_status":"closed","ping_status":"open","sticky":false,"template":"","format":"standard","meta":{"_seopress_robots_primary_cat":"","_seopress_titles_title":"","_seopress_titles_desc":"","_seopress_robots_index":"","footnotes":""},"categories":[1],"tags":[],"class_list":["post-4451","post","type-post","status-publish","format-standard","has-post-thumbnail","hentry","category-sin-categoria"],"_links":{"self":[{"href":"https:\/\/girasolmultimedios.com\/portal\/wp-json\/wp\/v2\/posts\/4451","targetHints":{"allow":["GET"]}}],"collection":[{"href":"https:\/\/girasolmultimedios.com\/portal\/wp-json\/wp\/v2\/posts"}],"about":[{"href":"https:\/\/girasolmultimedios.com\/portal\/wp-json\/wp\/v2\/types\/post"}],"author":[{"embeddable":true,"href":"https:\/\/girasolmultimedios.com\/portal\/wp-json\/wp\/v2\/users\/2"}],"replies":[{"embeddable":true,"href":"https:\/\/girasolmultimedios.com\/portal\/wp-json\/wp\/v2\/comments?post=4451"}],"version-history":[{"count":1,"href":"https:\/\/girasolmultimedios.com\/portal\/wp-json\/wp\/v2\/posts\/4451\/revisions"}],"predecessor-version":[{"id":4453,"href":"https:\/\/girasolmultimedios.com\/portal\/wp-json\/wp\/v2\/posts\/4451\/revisions\/4453"}],"wp:featuredmedia":[{"embeddable":true,"href":"https:\/\/girasolmultimedios.com\/portal\/wp-json\/wp\/v2\/media\/4452"}],"wp:attachment":[{"href":"https:\/\/girasolmultimedios.com\/portal\/wp-json\/wp\/v2\/media?parent=4451"}],"wp:term":[{"taxonomy":"category","embeddable":true,"href":"https:\/\/girasolmultimedios.com\/portal\/wp-json\/wp\/v2\/categories?post=4451"},{"taxonomy":"post_tag","embeddable":true,"href":"https:\/\/girasolmultimedios.com\/portal\/wp-json\/wp\/v2\/tags?post=4451"}],"curies":[{"name":"wp","href":"https:\/\/api.w.org\/{rel}","templated":true}]}}