{"id":4466,"date":"2026-03-06T08:18:16","date_gmt":"2026-03-06T14:18:16","guid":{"rendered":"https:\/\/girasolmultimedios.com\/portal\/?p=4466"},"modified":"2026-03-06T08:18:17","modified_gmt":"2026-03-06T14:18:17","slug":"santa-barbara-expone-necesidades-urgentes-de-infraestructura-ante-el-congreso-nacional","status":"publish","type":"post","link":"https:\/\/girasolmultimedios.com\/portal\/santa-barbara-expone-necesidades-urgentes-de-infraestructura-ante-el-congreso-nacional\/","title":{"rendered":"Santa B\u00e1rbara expone necesidades urgentes de infraestructura ante el Congreso Nacional"},"content":{"rendered":"\n<p>El presidente del Congreso Nacional, Tom\u00e1s Zambrano, sostuvo una reuni\u00f3n de trabajo con alcaldes del departamento de Santa B\u00e1rbara, con el objetivo de coordinar acciones orientadas a impulsar proyectos de desarrollo en los municipios de esta regi\u00f3n del pa\u00eds.<\/p>\n\n\n\n<p>Durante el encuentro, las autoridades municipales expusieron diversas necesidades de sus comunidades, principalmente en materia de infraestructura y servicios b\u00e1sicos.<\/p>\n\n\n\n<p>Entre los temas abordados destacaron proyectos de electrificaci\u00f3n rural, construcci\u00f3n de canchas con sistemas de alumbrado, dotaci\u00f3n de maquinaria para las alcald\u00edas y el mejoramiento de caminos productivos.<\/p>\n\n\n\n<p>Estas iniciativas buscan fortalecer la conectividad y las condiciones de desarrollo en las comunidades, facilitando el acceso a servicios, el impulso de actividades econ\u00f3micas locales y mejores condiciones para los habitantes del departamento.<\/p>\n\n\n\n<p>La reuni\u00f3n forma parte de una serie de encuentros que el titular del Poder Legislativo ha sostenido con alcaldes de distintos departamentos del pa\u00eds, con el prop\u00f3sito de conocer de primera mano las principales necesidades de los municipios.<\/p>\n\n\n\n<p>A trav\u00e9s de estos espacios de di\u00e1logo, se busca articular esfuerzos entre el Congreso Nacional y los gobiernos locales para promover proyectos que contribuyan al desarrollo comunitario y al fortalecimiento de la infraestructura en diferentes regiones de Honduras.<\/p>\n","protected":false},"excerpt":{"rendered":"<p>El presidente del Congreso Nacional, Tom\u00e1s Zambrano, sostuvo una reuni\u00f3n de trabajo con alcaldes del departamento de Santa B\u00e1rbara, con el objetivo de coordinar acciones orientadas a impulsar proyectos de desarrollo en los municipios de esta regi\u00f3n del pa\u00eds. Durante el encuentro, las autoridades municipales expusieron diversas necesidades de sus comunidades, principalmente en materia de [&hellip;]<\/p>\n","protected":false},"author":2,"featured_media":4467,"comment_status":"closed","ping_status":"open","sticky":false,"template":"","format":"standard","meta":{"_seopress_robots_primary_cat":"","_seopress_titles_title":"","_seopress_titles_desc":"","_seopress_robots_index":"","footnotes":""},"categories":[1],"tags":[],"class_list":["post-4466","post","type-post","status-publish","format-standard","has-post-thumbnail","hentry","category-sin-categoria"],"_links":{"self":[{"href":"https:\/\/girasolmultimedios.com\/portal\/wp-json\/wp\/v2\/posts\/4466","targetHints":{"allow":["GET"]}}],"collection":[{"href":"https:\/\/girasolmultimedios.com\/portal\/wp-json\/wp\/v2\/posts"}],"about":[{"href":"https:\/\/girasolmultimedios.com\/portal\/wp-json\/wp\/v2\/types\/post"}],"author":[{"embeddable":true,"href":"https:\/\/girasolmultimedios.com\/portal\/wp-json\/wp\/v2\/users\/2"}],"replies":[{"embeddable":true,"href":"https:\/\/girasolmultimedios.com\/portal\/wp-json\/wp\/v2\/comments?post=4466"}],"version-history":[{"count":1,"href":"https:\/\/girasolmultimedios.com\/portal\/wp-json\/wp\/v2\/posts\/4466\/revisions"}],"predecessor-version":[{"id":4468,"href":"https:\/\/girasolmultimedios.com\/portal\/wp-json\/wp\/v2\/posts\/4466\/revisions\/4468"}],"wp:featuredmedia":[{"embeddable":true,"href":"https:\/\/girasolmultimedios.com\/portal\/wp-json\/wp\/v2\/media\/4467"}],"wp:attachment":[{"href":"https:\/\/girasolmultimedios.com\/portal\/wp-json\/wp\/v2\/media?parent=4466"}],"wp:term":[{"taxonomy":"category","embeddable":true,"href":"https:\/\/girasolmultimedios.com\/portal\/wp-json\/wp\/v2\/categories?post=4466"},{"taxonomy":"post_tag","embeddable":true,"href":"https:\/\/girasolmultimedios.com\/portal\/wp-json\/wp\/v2\/tags?post=4466"}],"curies":[{"name":"wp","href":"https:\/\/api.w.org\/{rel}","templated":true}]}}