{"id":4481,"date":"2026-03-09T08:05:37","date_gmt":"2026-03-09T14:05:37","guid":{"rendered":"https:\/\/girasolmultimedios.com\/portal\/?p=4481"},"modified":"2026-03-09T08:05:38","modified_gmt":"2026-03-09T14:05:38","slug":"cumbre-de-las-americas-presidente-asfura-impulsa-agenda-regional-en-ee-uu","status":"publish","type":"post","link":"https:\/\/girasolmultimedios.com\/portal\/cumbre-de-las-americas-presidente-asfura-impulsa-agenda-regional-en-ee-uu\/","title":{"rendered":"Cumbre de las Am\u00e9ricas Presidente Asfura impulsa agenda regional en EE. UU."},"content":{"rendered":"\n<p>Los encuentros sostenidos por el Presidente Nasry Asfura con l\u00edderes regionales y autoridades estadounidenses marcaron la agenda de Honduras durante la cumbre \u201cEscudo de las Am\u00e9ricas\u201d en Doral, Florida, donde el mandatario promovi\u00f3 el di\u00e1logo sobre seguridad regional, migraci\u00f3n y cooperaci\u00f3n econ\u00f3mica.<\/p>\n\n\n\n<p>Durante su participaci\u00f3n, el mandatario hondure\u00f1o destac\u00f3 la importancia del encuentro como un espacio estrat\u00e9gico para avanzar en temas prioritarios para Am\u00e9rica Latina, entre ellos la seguridad regional, la gesti\u00f3n de la migraci\u00f3n, la atracci\u00f3n de inversi\u00f3n extranjera y la lucha contra el narcotr\u00e1fico y el crimen organizado.<\/p>\n\n\n\n<p>\u201cEsta cumbre es un encuentro clave para Latinoam\u00e9rica y una gran oportunidad para avanzar en temas importantes que llevamos en nuestra agenda\u201d, expres\u00f3 el Presidente hondure\u00f1o.<\/p>\n\n\n\n<h3 class=\"wp-block-heading\">ENCUENTRO CON RUBIO<\/h3>\n\n\n\n<p>El mandatario explic\u00f3 que la mayor parte del intercambio se desarroll\u00f3 con el secretario de Estado de Estados Unidos, Marco Rubio, junto a su equipo de trabajo, incluyendo al subsecretario Christopher Landau y otros altos funcionarios del gobierno estadounidense.<\/p>\n\n\n\n<p>\u201cLa conferencia fue m\u00e1s que todo enfocada con el secretario Rubio. El presidente Trump estuvo unos momentos con nosotros, dio sus palabras y un discurso, pero ten\u00eda otros compromisos previos\u201d, detall\u00f3 el mandatario hondure\u00f1o.<\/p>\n\n\n\n<p>En la conferencia de prensa en Brickell, Miami, junto a la canciller Mireya Ag\u00fcero, Asfura destac\u00f3 que estas reuniones permitieron intercambiar visiones sobre los desaf\u00edos regionales y fortalecer los lazos de cooperaci\u00f3n entre Honduras y Estados Unidos.<\/p>\n\n\n\n<p>En el marco del encuentro internacional, el Presidente hondure\u00f1o tambi\u00e9n sostuvo conversaciones con varios l\u00edderes y representantes de la regi\u00f3n, entre ellos la presidenta electa de Costa Rica, Laura Fern\u00e1ndez, y el presidente electo de Chile, Jos\u00e9 Antonio Kast.<\/p>\n\n\n\n<p>Uno de los momentos destacados fue el saludo que sostuvo con el presidente de El Salvador, Nayib Bukele, con quien comparti\u00f3 una breve pero cordial conversaci\u00f3n.<\/p>\n","protected":false},"excerpt":{"rendered":"<p>Los encuentros sostenidos por el Presidente Nasry Asfura con l\u00edderes regionales y autoridades estadounidenses marcaron la agenda de Honduras durante la cumbre \u201cEscudo de las Am\u00e9ricas\u201d en Doral, Florida, donde el mandatario promovi\u00f3 el di\u00e1logo sobre seguridad regional, migraci\u00f3n y cooperaci\u00f3n econ\u00f3mica. Durante su participaci\u00f3n, el mandatario hondure\u00f1o destac\u00f3 la importancia del encuentro como un [&hellip;]<\/p>\n","protected":false},"author":2,"featured_media":4482,"comment_status":"closed","ping_status":"open","sticky":false,"template":"","format":"standard","meta":{"_seopress_robots_primary_cat":"","_seopress_titles_title":"","_seopress_titles_desc":"","_seopress_robots_index":"","footnotes":""},"categories":[1],"tags":[],"class_list":["post-4481","post","type-post","status-publish","format-standard","has-post-thumbnail","hentry","category-sin-categoria"],"_links":{"self":[{"href":"https:\/\/girasolmultimedios.com\/portal\/wp-json\/wp\/v2\/posts\/4481","targetHints":{"allow":["GET"]}}],"collection":[{"href":"https:\/\/girasolmultimedios.com\/portal\/wp-json\/wp\/v2\/posts"}],"about":[{"href":"https:\/\/girasolmultimedios.com\/portal\/wp-json\/wp\/v2\/types\/post"}],"author":[{"embeddable":true,"href":"https:\/\/girasolmultimedios.com\/portal\/wp-json\/wp\/v2\/users\/2"}],"replies":[{"embeddable":true,"href":"https:\/\/girasolmultimedios.com\/portal\/wp-json\/wp\/v2\/comments?post=4481"}],"version-history":[{"count":1,"href":"https:\/\/girasolmultimedios.com\/portal\/wp-json\/wp\/v2\/posts\/4481\/revisions"}],"predecessor-version":[{"id":4483,"href":"https:\/\/girasolmultimedios.com\/portal\/wp-json\/wp\/v2\/posts\/4481\/revisions\/4483"}],"wp:featuredmedia":[{"embeddable":true,"href":"https:\/\/girasolmultimedios.com\/portal\/wp-json\/wp\/v2\/media\/4482"}],"wp:attachment":[{"href":"https:\/\/girasolmultimedios.com\/portal\/wp-json\/wp\/v2\/media?parent=4481"}],"wp:term":[{"taxonomy":"category","embeddable":true,"href":"https:\/\/girasolmultimedios.com\/portal\/wp-json\/wp\/v2\/categories?post=4481"},{"taxonomy":"post_tag","embeddable":true,"href":"https:\/\/girasolmultimedios.com\/portal\/wp-json\/wp\/v2\/tags?post=4481"}],"curies":[{"name":"wp","href":"https:\/\/api.w.org\/{rel}","templated":true}]}}