{"id":4487,"date":"2026-03-09T08:08:06","date_gmt":"2026-03-09T14:08:06","guid":{"rendered":"https:\/\/girasolmultimedios.com\/portal\/?p=4487"},"modified":"2026-03-09T08:08:07","modified_gmt":"2026-03-09T14:08:07","slug":"el-papa-realizara-una-visita-de-ocho-horas-a-monaco-con-una-misa-en-el-estadio-louis-ii","status":"publish","type":"post","link":"https:\/\/girasolmultimedios.com\/portal\/el-papa-realizara-una-visita-de-ocho-horas-a-monaco-con-una-misa-en-el-estadio-louis-ii\/","title":{"rendered":"El papa realizar\u00e1 una visita de ocho horas a M\u00f3naco con una misa en el estadio Louis II"},"content":{"rendered":"\n<p>El&nbsp;papa Le\u00f3n XIV&nbsp;realizar\u00e1 una visita rel\u00e1mpago, de 8 horas, el 28 de marzo el Principado de M\u00f3naco, convirti\u00e9ndose en el primer pont\u00edfice en visitar este pa\u00eds, donde se reunir\u00e1 con el pr\u00edncipe Alberto II, mantendr\u00e1 un encuentro con j\u00f3venes y celebrar\u00e1 una misa en el estadio Louis II.<\/p>\n\n\n\n<p>Seg\u00fan el programa de la visita publicado este lunes por la oficina de prensa del Vaticano, el pont\u00edfice estadounidense viajar\u00e1 en helic\u00f3ptero al Estado monegasco, donde se reunir\u00e1 con Alberto II y saludar\u00e1 a su familia en el Palacio del Principado.<\/p>\n\n\n\n<p>Despu\u00e9s acudir\u00e1 a la Catedral de la Inmaculada Concepci\u00f3n para una reuni\u00f3n con la comunidad cat\u00f3lica, que supone el 80 % de los cerca de 39.000 habitantes del peque\u00f1o estado monegasco.<\/p>\n\n\n\n<p>Posteriormente se trasladar\u00e1 a la plaza adyacente a la Iglesia de Santa Devota para un encuentro con j\u00f3venes y catec\u00famenos y concluir\u00e1 la jornada con una misa en el estadio Louis II.<\/p>\n\n\n\n<p>\u00abJe suis le Chemin, la Verit\u00e9 et la Vie\u00bb (Yo soy el Camino, la Verdad y la Vida) es el lema elegido para esta visita del papa a M\u00f3naco, un estado que tiene el catolicismo como religi\u00f3n oficial.<\/p>\n\n\n\n<p>De hecho, Charlene de M\u00f3naco se convirti\u00f3 al catolicismo en 2011 y cuenta con el llamado \u00abPrivilegio del Blanco\u00bb: como reina o princesa consorte de una monarqu\u00eda cat\u00f3lica tiene derecho a vestir de blanco, en lugar del tradicional vestido y velo negros, durante las audiencias con el papa.<a href=\"https:\/\/twitter.com\/intent\/tweet?text=El+papa+realizar%C3%A1+una+visita+de+ocho+horas+a+M%C3%B3naco+con+una+misa+en+el+estadio+Louis+II&amp;url=https%3A%2F%2Fwww.latribuna.hn%2F2026%2F03%2F09%2Fel-papa-realizara-una-visita-de-ocho-horas-a-monaco-con-una-misa-en-el-estadio-louis-ii%2F\"><\/a><\/p>\n\n\n\n<p><a href=\"https:\/\/twitter.com\/intent\/tweet?text=El+papa+realizar%C3%A1+una+visita+de+ocho+horas+a+M%C3%B3naco+con+una+misa+en+el+estadio+Louis+II&amp;url=https%3A%2F%2Fwww.latribuna.hn%2F2026%2F03%2F09%2Fel-papa-realizara-una-visita-de-ocho-horas-a-monaco-con-una-misa-en-el-estadio-louis-ii%2F\"><\/a><a href=\"https:\/\/api.whatsapp.com\/send?text=El+papa+realizar%C3%A1+una+visita+de+ocho+horas+a+M%C3%B3naco+con+una+misa+en+el+estadio+Louis+II%20%0A%0A%20https:\/\/www.latribuna.hn\/2026\/03\/09\/el-papa-realizara-una-visita-de-ocho-horas-a-monaco-con-una-misa-en-el-estadio-louis-ii\/\"><\/a><a href=\"mailto:?subject=El%20papa%20realizar%C3%A1%20una%20visita%20de%20ocho%20horas%20a%20M%C3%B3naco%20con%20una%20misa%20en%20el%20estadio%20Louis%20II&amp;body=https:\/\/www.latribuna.hn\/2026\/03\/09\/el-papa-realizara-una-visita-de-ocho-horas-a-monaco-con-una-misa-en-el-estadio-louis-ii\/\"><\/a><a href=\"https:\/\/www.latribuna.hn\/2026\/03\/09\/el-papa-realizara-una-visita-de-ocho-horas-a-monaco-con-una-misa-en-el-estadio-louis-ii\/\"><\/a><\/p>\n\n\n\n<p><\/p>\n","protected":false},"excerpt":{"rendered":"<p>El&nbsp;papa Le\u00f3n XIV&nbsp;realizar\u00e1 una visita rel\u00e1mpago, de 8 horas, el 28 de marzo el Principado de M\u00f3naco, convirti\u00e9ndose en el primer pont\u00edfice en visitar este pa\u00eds, donde se reunir\u00e1 con el pr\u00edncipe Alberto II, mantendr\u00e1 un encuentro con j\u00f3venes y celebrar\u00e1 una misa en el estadio Louis II. Seg\u00fan el programa de la visita publicado [&hellip;]<\/p>\n","protected":false},"author":2,"featured_media":4488,"comment_status":"closed","ping_status":"open","sticky":false,"template":"","format":"standard","meta":{"_seopress_robots_primary_cat":"","_seopress_titles_title":"","_seopress_titles_desc":"","_seopress_robots_index":"","footnotes":""},"categories":[1],"tags":[],"class_list":["post-4487","post","type-post","status-publish","format-standard","has-post-thumbnail","hentry","category-sin-categoria"],"_links":{"self":[{"href":"https:\/\/girasolmultimedios.com\/portal\/wp-json\/wp\/v2\/posts\/4487","targetHints":{"allow":["GET"]}}],"collection":[{"href":"https:\/\/girasolmultimedios.com\/portal\/wp-json\/wp\/v2\/posts"}],"about":[{"href":"https:\/\/girasolmultimedios.com\/portal\/wp-json\/wp\/v2\/types\/post"}],"author":[{"embeddable":true,"href":"https:\/\/girasolmultimedios.com\/portal\/wp-json\/wp\/v2\/users\/2"}],"replies":[{"embeddable":true,"href":"https:\/\/girasolmultimedios.com\/portal\/wp-json\/wp\/v2\/comments?post=4487"}],"version-history":[{"count":1,"href":"https:\/\/girasolmultimedios.com\/portal\/wp-json\/wp\/v2\/posts\/4487\/revisions"}],"predecessor-version":[{"id":4489,"href":"https:\/\/girasolmultimedios.com\/portal\/wp-json\/wp\/v2\/posts\/4487\/revisions\/4489"}],"wp:featuredmedia":[{"embeddable":true,"href":"https:\/\/girasolmultimedios.com\/portal\/wp-json\/wp\/v2\/media\/4488"}],"wp:attachment":[{"href":"https:\/\/girasolmultimedios.com\/portal\/wp-json\/wp\/v2\/media?parent=4487"}],"wp:term":[{"taxonomy":"category","embeddable":true,"href":"https:\/\/girasolmultimedios.com\/portal\/wp-json\/wp\/v2\/categories?post=4487"},{"taxonomy":"post_tag","embeddable":true,"href":"https:\/\/girasolmultimedios.com\/portal\/wp-json\/wp\/v2\/tags?post=4487"}],"curies":[{"name":"wp","href":"https:\/\/api.w.org\/{rel}","templated":true}]}}