{"id":4499,"date":"2026-03-09T08:13:11","date_gmt":"2026-03-09T14:13:11","guid":{"rendered":"https:\/\/girasolmultimedios.com\/portal\/?p=4499"},"modified":"2026-03-09T08:13:12","modified_gmt":"2026-03-09T14:13:12","slug":"matan-a-dos-jovencitas-en-menos-de-24-horas","status":"publish","type":"post","link":"https:\/\/girasolmultimedios.com\/portal\/matan-a-dos-jovencitas-en-menos-de-24-horas\/","title":{"rendered":"Matan a dos jovencitas en menos de 24 horas"},"content":{"rendered":"\n<p>Autoridades de Medicina Forense confirmaron hoy domingo la muerte violenta de dos jovencitas en menos de 24 horas, uno de los casos se registr\u00f3 en Guaimaca, Francisco Moraz\u00e1n y otra en Nueva Celilac, Santa B\u00e1rbara.<\/p>\n\n\n\n<p>La tarde del s\u00e1bado en plena v\u00eda p\u00fablica del Barrio Arriba del municipio de Guaimaca, sujetos armados mataron a balazos a Karla Josibel Gonz\u00e1lez Ramos por causas no establecidas.<\/p>\n\n\n\n<p>Tras el ataque, la mujer fue trasladada de emergencia a un centro asistencial, espec\u00edficamente al Hospital Bautista de Guaimaca, donde minutos despu\u00e9s se confirm\u00f3 su fallecimiento debido a la gravedad de las heridas.<\/p>\n\n\n\n<p>Las autoridades policiales iniciaron las investigaciones correspondientes para determinar las circunstancias del hecho violento y dar con el paradero de los responsables.<\/p>\n\n\n\n<p>Este nuevo hecho de violencia ocurre en medio de la preocupaci\u00f3n por el incremento de asesinatos de mujeres en el pa\u00eds. De acuerdo con recuentos de organizaciones feministas, al menos 43 mujeres han sido asesinadas en lo que va del a\u00f1o en Honduras, una cifra que mantiene en alerta a distintos sectores que han solicitado acciones urgentes para frenar la violencia de g\u00e9nero en el pa\u00eds.<\/p>\n\n\n\n<p>Mientras, en la aldea La Grama, Nueva Celilac, Santa B\u00e1rbara, Karla Mancilla expir\u00f3 tras ser atacada a balazos en el interior de un veh\u00edculo en el que se transportaba con familiares. Seg\u00fan informaci\u00f3n de los vecinos, se escucharon varios disparos donde result\u00f3 gravemente herida la joven y minutos despu\u00e9s falleci\u00f3 en una cl\u00ednica local.<\/p>\n","protected":false},"excerpt":{"rendered":"<p>Autoridades de Medicina Forense confirmaron hoy domingo la muerte violenta de dos jovencitas en menos de 24 horas, uno de los casos se registr\u00f3 en Guaimaca, Francisco Moraz\u00e1n y otra en Nueva Celilac, Santa B\u00e1rbara. La tarde del s\u00e1bado en plena v\u00eda p\u00fablica del Barrio Arriba del municipio de Guaimaca, sujetos armados mataron a balazos [&hellip;]<\/p>\n","protected":false},"author":2,"featured_media":4500,"comment_status":"closed","ping_status":"open","sticky":false,"template":"","format":"standard","meta":{"_seopress_robots_primary_cat":"","_seopress_titles_title":"","_seopress_titles_desc":"","_seopress_robots_index":"","footnotes":""},"categories":[1],"tags":[],"class_list":["post-4499","post","type-post","status-publish","format-standard","has-post-thumbnail","hentry","category-sin-categoria"],"_links":{"self":[{"href":"https:\/\/girasolmultimedios.com\/portal\/wp-json\/wp\/v2\/posts\/4499","targetHints":{"allow":["GET"]}}],"collection":[{"href":"https:\/\/girasolmultimedios.com\/portal\/wp-json\/wp\/v2\/posts"}],"about":[{"href":"https:\/\/girasolmultimedios.com\/portal\/wp-json\/wp\/v2\/types\/post"}],"author":[{"embeddable":true,"href":"https:\/\/girasolmultimedios.com\/portal\/wp-json\/wp\/v2\/users\/2"}],"replies":[{"embeddable":true,"href":"https:\/\/girasolmultimedios.com\/portal\/wp-json\/wp\/v2\/comments?post=4499"}],"version-history":[{"count":1,"href":"https:\/\/girasolmultimedios.com\/portal\/wp-json\/wp\/v2\/posts\/4499\/revisions"}],"predecessor-version":[{"id":4501,"href":"https:\/\/girasolmultimedios.com\/portal\/wp-json\/wp\/v2\/posts\/4499\/revisions\/4501"}],"wp:featuredmedia":[{"embeddable":true,"href":"https:\/\/girasolmultimedios.com\/portal\/wp-json\/wp\/v2\/media\/4500"}],"wp:attachment":[{"href":"https:\/\/girasolmultimedios.com\/portal\/wp-json\/wp\/v2\/media?parent=4499"}],"wp:term":[{"taxonomy":"category","embeddable":true,"href":"https:\/\/girasolmultimedios.com\/portal\/wp-json\/wp\/v2\/categories?post=4499"},{"taxonomy":"post_tag","embeddable":true,"href":"https:\/\/girasolmultimedios.com\/portal\/wp-json\/wp\/v2\/tags?post=4499"}],"curies":[{"name":"wp","href":"https:\/\/api.w.org\/{rel}","templated":true}]}}