{"id":4520,"date":"2026-03-10T06:51:01","date_gmt":"2026-03-10T12:51:01","guid":{"rendered":"https:\/\/girasolmultimedios.com\/portal\/?p=4520"},"modified":"2026-03-10T06:51:02","modified_gmt":"2026-03-10T12:51:02","slug":"no-quieren-a-los-therian-en-tela-atlantida","status":"publish","type":"post","link":"https:\/\/girasolmultimedios.com\/portal\/no-quieren-a-los-therian-en-tela-atlantida\/","title":{"rendered":"No quieren a los therian en Tela, Atl\u00e1ntida"},"content":{"rendered":"\n<p>En el municipio de Tela, Atl\u00e1ntida, vecinos manifestaron p\u00fablicamente su rechazo a las reuniones de grupos conocidos como&nbsp;<em>therian<\/em>, colocando r\u00f3tulos y pancartas en puntos visibles de la ciudad.<\/p>\n\n\n\n<p>El mensaje es claro: no aceptan sus actividades en la zona tur\u00edstica y piden que busquen otro lugar de Honduras para realizar sus encuentros.<\/p>\n\n\n\n<p>La protesta se hizo evidente con una pancarta instalada sobre el principal bulevar de Tela, donde los residentes advierten que las playas y espacios p\u00fablicos est\u00e1n destinados a los turistas y sus familias, y no para reuniones de este tipo.<\/p>\n\n\n\n<p>Seg\u00fan los vecinos, la imagen de Tela como destino tur\u00edstico debe protegerse, ya que la ciudad recibe visitantes nacionales e internacionales que buscan disfrutar de sus atractivos naturales y culturales.<\/p>\n\n\n\n<p>Los pobladores argumentan que la presencia de los&nbsp;<em>therians<\/em>&nbsp;podr\u00eda afectar la percepci\u00f3n de los turistas y consideran que sus actividades no son compatibles con el ambiente familiar que caracteriza a las playas de la zona.<\/p>\n\n\n\n<p>Por ello, aseguran que este es el primer y \u00fanico aviso que dar\u00e1n, dejando claro que no permitir\u00e1n la organizaci\u00f3n de reuniones en espacios p\u00fablicos de la ciudad.<\/p>\n\n\n\n<p>El rechazo se enmarca en la preocupaci\u00f3n de los habitantes por mantener la reputaci\u00f3n de Tela como uno de los principales destinos tur\u00edsticos de Atl\u00e1ntida.<\/p>\n\n\n\n<p>La comunidad insiste en que la prioridad es atender a los visitantes y garantizar que las playas sigan siendo un lugar seguro y atractivo para quienes llegan en busca de descanso y recreaci\u00f3n.<\/p>\n\n\n\n<p>Aunque los vecinos no detallaron qu\u00e9 medidas tomar\u00e1n en caso de que los&nbsp;<em>therians<\/em>&nbsp;insistan en reunirse en Tela, la colocaci\u00f3n de r\u00f3tulos constituye una advertencia directa.<\/p>\n\n\n\n<p>Con ello, buscan preservar la identidad tur\u00edstica de la ciudad y reafirmar que las playas son espacios destinados al disfrute de las familias y turistas que cada a\u00f1o visitan la regi\u00f3n.&nbsp;<\/p>\n","protected":false},"excerpt":{"rendered":"<p>En el municipio de Tela, Atl\u00e1ntida, vecinos manifestaron p\u00fablicamente su rechazo a las reuniones de grupos conocidos como&nbsp;therian, colocando r\u00f3tulos y pancartas en puntos visibles de la ciudad. El mensaje es claro: no aceptan sus actividades en la zona tur\u00edstica y piden que busquen otro lugar de Honduras para realizar sus encuentros. La protesta se [&hellip;]<\/p>\n","protected":false},"author":2,"featured_media":4521,"comment_status":"closed","ping_status":"open","sticky":false,"template":"","format":"standard","meta":{"_seopress_robots_primary_cat":"","_seopress_titles_title":"","_seopress_titles_desc":"","_seopress_robots_index":"","footnotes":""},"categories":[1],"tags":[],"class_list":["post-4520","post","type-post","status-publish","format-standard","has-post-thumbnail","hentry","category-sin-categoria"],"_links":{"self":[{"href":"https:\/\/girasolmultimedios.com\/portal\/wp-json\/wp\/v2\/posts\/4520","targetHints":{"allow":["GET"]}}],"collection":[{"href":"https:\/\/girasolmultimedios.com\/portal\/wp-json\/wp\/v2\/posts"}],"about":[{"href":"https:\/\/girasolmultimedios.com\/portal\/wp-json\/wp\/v2\/types\/post"}],"author":[{"embeddable":true,"href":"https:\/\/girasolmultimedios.com\/portal\/wp-json\/wp\/v2\/users\/2"}],"replies":[{"embeddable":true,"href":"https:\/\/girasolmultimedios.com\/portal\/wp-json\/wp\/v2\/comments?post=4520"}],"version-history":[{"count":1,"href":"https:\/\/girasolmultimedios.com\/portal\/wp-json\/wp\/v2\/posts\/4520\/revisions"}],"predecessor-version":[{"id":4522,"href":"https:\/\/girasolmultimedios.com\/portal\/wp-json\/wp\/v2\/posts\/4520\/revisions\/4522"}],"wp:featuredmedia":[{"embeddable":true,"href":"https:\/\/girasolmultimedios.com\/portal\/wp-json\/wp\/v2\/media\/4521"}],"wp:attachment":[{"href":"https:\/\/girasolmultimedios.com\/portal\/wp-json\/wp\/v2\/media?parent=4520"}],"wp:term":[{"taxonomy":"category","embeddable":true,"href":"https:\/\/girasolmultimedios.com\/portal\/wp-json\/wp\/v2\/categories?post=4520"},{"taxonomy":"post_tag","embeddable":true,"href":"https:\/\/girasolmultimedios.com\/portal\/wp-json\/wp\/v2\/tags?post=4520"}],"curies":[{"name":"wp","href":"https:\/\/api.w.org\/{rel}","templated":true}]}}