{"id":4529,"date":"2026-03-10T06:54:48","date_gmt":"2026-03-10T12:54:48","guid":{"rendered":"https:\/\/girasolmultimedios.com\/portal\/?p=4529"},"modified":"2026-03-10T06:54:49","modified_gmt":"2026-03-10T12:54:49","slug":"la-concordia-renace-fuerte-avance-en-la-recuperacion-de-su-parque-historico","status":"publish","type":"post","link":"https:\/\/girasolmultimedios.com\/portal\/la-concordia-renace-fuerte-avance-en-la-recuperacion-de-su-parque-historico\/","title":{"rendered":"La Concordia renace: Fuerte avance en la recuperaci\u00f3n de su parque hist\u00f3rico"},"content":{"rendered":"\n<p>El parque La Concordia, uno de los espacios m\u00e1s emblem\u00e1ticos de Tegucigalpa, est\u00e1 en proceso de recuperaci\u00f3n tras d\u00e9cadas de abandono. Ubicado en el tradicional Barrio Abajo, este sitio cultural y tur\u00edstico busca recobrar el esplendor que lo convirti\u00f3 en referente de la capital hondure\u00f1a, gracias a sus esculturas y r\u00e9plicas de monumentos mayas que simbolizan el paso de esta civilizaci\u00f3n por Mesoam\u00e9rica.<\/p>\n\n\n\n<p>La Concordia fue inaugurado en 1939 como un espacio cultural y educativo, con r\u00e9plicas de templos y esculturas mayas que conectan a Honduras con sus ra\u00edces mesoamericanas.<\/p>\n\n\n\n<p>Durante a\u00f1os, el parque sufri\u00f3 deterioro, inseguridad y acumulaci\u00f3n de basura, lo que lo convirti\u00f3 en un foco de riesgo para los vecinos.<\/p>\n\n\n\n<p>Hoy, bajo el impulso de autoridades municipales y l\u00edderes como la regidora Silvia Sosa, se ejecutan acciones de restauraci\u00f3n que incluyen limpieza, rehabilitaci\u00f3n de esculturas, mejoras en la seguridad y recuperaci\u00f3n de \u00e1reas verdes.<\/p>\n\n\n\n<p>El proyecto busca devolverle al parque su car\u00e1cter de espacio p\u00fablico seguro y atractivo.<\/p>\n\n\n\n<p>El parque es considerado un patrimonio hist\u00f3rico de Tegucigalpa, ya que alberga una singular colecci\u00f3n de esculturas que rinden homenaje a la grandeza de la civilizaci\u00f3n maya.<\/p>\n","protected":false},"excerpt":{"rendered":"<p>El parque La Concordia, uno de los espacios m\u00e1s emblem\u00e1ticos de Tegucigalpa, est\u00e1 en proceso de recuperaci\u00f3n tras d\u00e9cadas de abandono. Ubicado en el tradicional Barrio Abajo, este sitio cultural y tur\u00edstico busca recobrar el esplendor que lo convirti\u00f3 en referente de la capital hondure\u00f1a, gracias a sus esculturas y r\u00e9plicas de monumentos mayas que [&hellip;]<\/p>\n","protected":false},"author":2,"featured_media":4530,"comment_status":"closed","ping_status":"open","sticky":false,"template":"","format":"standard","meta":{"_seopress_robots_primary_cat":"","_seopress_titles_title":"","_seopress_titles_desc":"","_seopress_robots_index":"","footnotes":""},"categories":[1],"tags":[],"class_list":["post-4529","post","type-post","status-publish","format-standard","has-post-thumbnail","hentry","category-sin-categoria"],"_links":{"self":[{"href":"https:\/\/girasolmultimedios.com\/portal\/wp-json\/wp\/v2\/posts\/4529","targetHints":{"allow":["GET"]}}],"collection":[{"href":"https:\/\/girasolmultimedios.com\/portal\/wp-json\/wp\/v2\/posts"}],"about":[{"href":"https:\/\/girasolmultimedios.com\/portal\/wp-json\/wp\/v2\/types\/post"}],"author":[{"embeddable":true,"href":"https:\/\/girasolmultimedios.com\/portal\/wp-json\/wp\/v2\/users\/2"}],"replies":[{"embeddable":true,"href":"https:\/\/girasolmultimedios.com\/portal\/wp-json\/wp\/v2\/comments?post=4529"}],"version-history":[{"count":1,"href":"https:\/\/girasolmultimedios.com\/portal\/wp-json\/wp\/v2\/posts\/4529\/revisions"}],"predecessor-version":[{"id":4531,"href":"https:\/\/girasolmultimedios.com\/portal\/wp-json\/wp\/v2\/posts\/4529\/revisions\/4531"}],"wp:featuredmedia":[{"embeddable":true,"href":"https:\/\/girasolmultimedios.com\/portal\/wp-json\/wp\/v2\/media\/4530"}],"wp:attachment":[{"href":"https:\/\/girasolmultimedios.com\/portal\/wp-json\/wp\/v2\/media?parent=4529"}],"wp:term":[{"taxonomy":"category","embeddable":true,"href":"https:\/\/girasolmultimedios.com\/portal\/wp-json\/wp\/v2\/categories?post=4529"},{"taxonomy":"post_tag","embeddable":true,"href":"https:\/\/girasolmultimedios.com\/portal\/wp-json\/wp\/v2\/tags?post=4529"}],"curies":[{"name":"wp","href":"https:\/\/api.w.org\/{rel}","templated":true}]}}