{"id":4532,"date":"2026-03-10T06:56:10","date_gmt":"2026-03-10T12:56:10","guid":{"rendered":"https:\/\/girasolmultimedios.com\/portal\/?p=4532"},"modified":"2026-03-10T06:56:10","modified_gmt":"2026-03-10T12:56:10","slug":"alianza-estrategica-impulsa-la-proteccion-sostenible-del-parque-nacional-la-tigra","status":"publish","type":"post","link":"https:\/\/girasolmultimedios.com\/portal\/alianza-estrategica-impulsa-la-proteccion-sostenible-del-parque-nacional-la-tigra\/","title":{"rendered":"Alianza estrat\u00e9gica impulsa la protecci\u00f3n sostenible del Parque Nacional La Tigra"},"content":{"rendered":"\n<p>Por 10 a\u00f1os consecutivos Fundaci\u00f3n Terra se suma a la protecci\u00f3n de la zona n\u00facleo del Parque Nacional La Tigra, para resguardar el recurso h\u00eddrico, conservar la biodiversidad, promover la educaci\u00f3n ambiental y fomentar el desarrollo sostenible de las comunidades.<\/p>\n\n\n\n<p>Como parte de este compromiso Fundaci\u00f3n Terra y la Fundaci\u00f3n de Amigos de La Tigra (Amitigra) suscribieron un nuevo convenio de cooperaci\u00f3n que consolida el trabajo en conjunto para proteger la principal reserva de agua de la capital.<\/p>\n\n\n\n<p>Como parte del nuevo convenio 2026, Fundaci\u00f3n Terra respalda a la campa\u00f1a \u201cCero Incendios\u201d, una iniciativa orientada a prevenir y reducir los siniestros forestales que amenazan los ecosistemas del parque. Este esfuerzo contempla acciones de sensibilizaci\u00f3n comunitaria, dotaci\u00f3n de equipo especializado y fortalecimiento de capacidades locales para la respuesta temprana, disminuyendo riesgos en \u00e1reas vulnerables.<\/p>\n\n\n\n<p>Asimismo, apoya con la contrataci\u00f3n de una cuadrilla conformada por ocho personas para labores preventivas, la construcci\u00f3n de 1.5 kil\u00f3metros de ronda cortafuego en el sector El Trigo\u2013Pilig\u00fcin con un ancho de 10 metros, 90 d\u00edas activos de monitoreo, combate de incendios y 32 d\u00edas de trabajo en vivero para la producci\u00f3n de plantas destinadas a restauraci\u00f3n.<\/p>\n\n\n\n<p>Durante estos diez a\u00f1os de alianza estrat\u00e9gica ha generado impactos ambientales cuantificables y de alto valor para la conservaci\u00f3n de estas zonas protegidas. Entre los principales resultados destacan la plantaci\u00f3n de 12,300 \u00e1rboles en la zona de amortiguamiento, el acompa\u00f1amiento t\u00e9cnico a m\u00e1s de 120 agricultores y el fortalecimiento de cuatro grupos comunitarios mediante procesos de legalizaci\u00f3n e instalaci\u00f3n de infraestructura productiva, incluyendo reservorios de agua, macro t\u00faneles y sistemas de riego.<\/p>\n\n\n\n<p>El Parque Nacional La Tigra es fundamental para el medio ambiente y el abastecimiento de agua en Francisco Moraz\u00e1n, ya que provee el 30% del suministro h\u00eddrico de Tegucigalpa, beneficiando a m\u00e1s de 1.5 millones de personas. Adem\u00e1s, es la \u00fanica fuente de agua para m\u00e1s de 40,000 habitantes en 63 comunidades de Valle de \u00c1ngeles, Santa Luc\u00eda y Cantarranas.<\/p>\n\n\n\n<p>\u201cProteger La Tigra no es una meta anual, es una responsabilidad generacional. Siempre he cre\u00eddo que el verdadero liderazgo se demuestra cuando asumimos causas que no nos pertenecen individualmente, pero s\u00ed colectivamente.&nbsp; Si cuidamos el bosque, el bosque nos cuida a nosotros. Si protegemos el agua hoy, aseguramos el ma\u00f1ana\u201d, manifest\u00f3 Fredy Nasser presidente de Fundaci\u00f3n Terra<\/p>\n","protected":false},"excerpt":{"rendered":"<p>Por 10 a\u00f1os consecutivos Fundaci\u00f3n Terra se suma a la protecci\u00f3n de la zona n\u00facleo del Parque Nacional La Tigra, para resguardar el recurso h\u00eddrico, conservar la biodiversidad, promover la educaci\u00f3n ambiental y fomentar el desarrollo sostenible de las comunidades. Como parte de este compromiso Fundaci\u00f3n Terra y la Fundaci\u00f3n de Amigos de La Tigra [&hellip;]<\/p>\n","protected":false},"author":2,"featured_media":4533,"comment_status":"closed","ping_status":"open","sticky":false,"template":"","format":"standard","meta":{"_seopress_robots_primary_cat":"","_seopress_titles_title":"","_seopress_titles_desc":"","_seopress_robots_index":"","footnotes":""},"categories":[1],"tags":[],"class_list":["post-4532","post","type-post","status-publish","format-standard","has-post-thumbnail","hentry","category-sin-categoria"],"_links":{"self":[{"href":"https:\/\/girasolmultimedios.com\/portal\/wp-json\/wp\/v2\/posts\/4532","targetHints":{"allow":["GET"]}}],"collection":[{"href":"https:\/\/girasolmultimedios.com\/portal\/wp-json\/wp\/v2\/posts"}],"about":[{"href":"https:\/\/girasolmultimedios.com\/portal\/wp-json\/wp\/v2\/types\/post"}],"author":[{"embeddable":true,"href":"https:\/\/girasolmultimedios.com\/portal\/wp-json\/wp\/v2\/users\/2"}],"replies":[{"embeddable":true,"href":"https:\/\/girasolmultimedios.com\/portal\/wp-json\/wp\/v2\/comments?post=4532"}],"version-history":[{"count":1,"href":"https:\/\/girasolmultimedios.com\/portal\/wp-json\/wp\/v2\/posts\/4532\/revisions"}],"predecessor-version":[{"id":4534,"href":"https:\/\/girasolmultimedios.com\/portal\/wp-json\/wp\/v2\/posts\/4532\/revisions\/4534"}],"wp:featuredmedia":[{"embeddable":true,"href":"https:\/\/girasolmultimedios.com\/portal\/wp-json\/wp\/v2\/media\/4533"}],"wp:attachment":[{"href":"https:\/\/girasolmultimedios.com\/portal\/wp-json\/wp\/v2\/media?parent=4532"}],"wp:term":[{"taxonomy":"category","embeddable":true,"href":"https:\/\/girasolmultimedios.com\/portal\/wp-json\/wp\/v2\/categories?post=4532"},{"taxonomy":"post_tag","embeddable":true,"href":"https:\/\/girasolmultimedios.com\/portal\/wp-json\/wp\/v2\/tags?post=4532"}],"curies":[{"name":"wp","href":"https:\/\/api.w.org\/{rel}","templated":true}]}}