{"id":4544,"date":"2026-03-11T06:55:07","date_gmt":"2026-03-11T12:55:07","guid":{"rendered":"https:\/\/girasolmultimedios.com\/portal\/?p=4544"},"modified":"2026-03-11T06:55:08","modified_gmt":"2026-03-11T12:55:08","slug":"el-papa-pide-seguir-rezando-por-la-paz-en-iran-y-en-todo-oriente-medio","status":"publish","type":"post","link":"https:\/\/girasolmultimedios.com\/portal\/el-papa-pide-seguir-rezando-por-la-paz-en-iran-y-en-todo-oriente-medio\/","title":{"rendered":"El papa pide seguir rezando por la paz en Ir\u00e1n y en todo Oriente Medio"},"content":{"rendered":"\n<p>El\u00a0papa Le\u00f3n XIV\u00a0pidi\u00f3 este mi\u00e9rcoles seguir rezando por la paz en Ir\u00e1n y en todo Oriente Medio y por las numerosas v\u00edctimas civiles y, sobre todo, muchos ni\u00f1os inocentes, en un llamamiento al final de la audiencia general celebrada en la plaza de San Pedro.<\/p>\n\n\n\n<p>El pont\u00edfice estadounidense record\u00f3 que este mi\u00e9rcoles se celebra el funeral del padre Pierre El-Rahi, sacerdote maronita asesinado en Qlayaa (L\u00edbano) por un bombardeo y entonces record\u00f3 a todos los libaneses \u00abque en estos d\u00edas est\u00e1n viviendo de nuevo el drama de la guerra\u00bb.<\/p>\n\n\n\n<p>\u00abExpreso mi cercan\u00eda al pueblo liban\u00e9s en este momento de gran prueba\u00bb, agreg\u00f3 el pont\u00edfice, quien visit\u00f3 L\u00edbano el pasado noviembre en su primer viaje internacional.<\/p>\n\n\n\n<p>Explic\u00f3 que el padre Pierre El-Rahi \u00abfue un verdadero pastor que siempre estuvo al lado de su pueblo\u00bb y que en cuanto supo que algunos parroquianos hab\u00edan resultados heridos en un bombardeos, sin pensarlo, se precipit\u00f3 para ayudarles.<\/p>\n\n\n\n<p>\u00abQuiera el Se\u00f1or que su sangre derramado sea una semilla de paz para el amado L\u00edbano\u00bb, afirm\u00f3 el papa.<\/p>\n\n\n\n<p>Y entonces pidi\u00f3 que se contin\u00fae rezando \u00abpor la paz en Ir\u00e1n y en todo el medio oriente, por las numeras victimas civiles entre ellas muchos ni\u00f1os inocentes\u00bb. \u00abQue nuestra oraci\u00f3n sirva de conforto para los que sufren y semilla de esperanza para el futuro\u00bb, concluy\u00f3 el papa.<\/p>\n","protected":false},"excerpt":{"rendered":"<p>El\u00a0papa Le\u00f3n XIV\u00a0pidi\u00f3 este mi\u00e9rcoles seguir rezando por la paz en Ir\u00e1n y en todo Oriente Medio y por las numerosas v\u00edctimas civiles y, sobre todo, muchos ni\u00f1os inocentes, en un llamamiento al final de la audiencia general celebrada en la plaza de San Pedro. El pont\u00edfice estadounidense record\u00f3 que este mi\u00e9rcoles se celebra el [&hellip;]<\/p>\n","protected":false},"author":2,"featured_media":4545,"comment_status":"closed","ping_status":"open","sticky":false,"template":"","format":"standard","meta":{"_seopress_robots_primary_cat":"","_seopress_titles_title":"","_seopress_titles_desc":"","_seopress_robots_index":"","footnotes":""},"categories":[1],"tags":[],"class_list":["post-4544","post","type-post","status-publish","format-standard","has-post-thumbnail","hentry","category-sin-categoria"],"_links":{"self":[{"href":"https:\/\/girasolmultimedios.com\/portal\/wp-json\/wp\/v2\/posts\/4544","targetHints":{"allow":["GET"]}}],"collection":[{"href":"https:\/\/girasolmultimedios.com\/portal\/wp-json\/wp\/v2\/posts"}],"about":[{"href":"https:\/\/girasolmultimedios.com\/portal\/wp-json\/wp\/v2\/types\/post"}],"author":[{"embeddable":true,"href":"https:\/\/girasolmultimedios.com\/portal\/wp-json\/wp\/v2\/users\/2"}],"replies":[{"embeddable":true,"href":"https:\/\/girasolmultimedios.com\/portal\/wp-json\/wp\/v2\/comments?post=4544"}],"version-history":[{"count":1,"href":"https:\/\/girasolmultimedios.com\/portal\/wp-json\/wp\/v2\/posts\/4544\/revisions"}],"predecessor-version":[{"id":4546,"href":"https:\/\/girasolmultimedios.com\/portal\/wp-json\/wp\/v2\/posts\/4544\/revisions\/4546"}],"wp:featuredmedia":[{"embeddable":true,"href":"https:\/\/girasolmultimedios.com\/portal\/wp-json\/wp\/v2\/media\/4545"}],"wp:attachment":[{"href":"https:\/\/girasolmultimedios.com\/portal\/wp-json\/wp\/v2\/media?parent=4544"}],"wp:term":[{"taxonomy":"category","embeddable":true,"href":"https:\/\/girasolmultimedios.com\/portal\/wp-json\/wp\/v2\/categories?post=4544"},{"taxonomy":"post_tag","embeddable":true,"href":"https:\/\/girasolmultimedios.com\/portal\/wp-json\/wp\/v2\/tags?post=4544"}],"curies":[{"name":"wp","href":"https:\/\/api.w.org\/{rel}","templated":true}]}}