{"id":455,"date":"2025-09-19T13:41:34","date_gmt":"2025-09-19T19:41:34","guid":{"rendered":"https:\/\/girasolmultimedios.com\/portal\/?p=455"},"modified":"2025-09-21T14:29:40","modified_gmt":"2025-09-21T20:29:40","slug":"copeco-baja-nivel-de-alerta-en-municipios-aledanos-al-rio-ulua","status":"publish","type":"post","link":"https:\/\/girasolmultimedios.com\/portal\/copeco-baja-nivel-de-alerta-en-municipios-aledanos-al-rio-ulua\/","title":{"rendered":"Copeco baja nivel de alerta en municipios aleda\u00f1os al r\u00edo Ul\u00faa"},"content":{"rendered":"\n<p>La Secretar\u00eda de Estado en los Despachos de Gesti\u00f3n de Riesgos y Contingencias Nacionales (COPECO) ha reducido a Alerta Amarilla el nivel de emergencia para los municipios cercanos al r\u00edo Ul\u00faa: Pimienta, Villanueva, Potrerillos y San Manuel en el departamento de Cort\u00e9s; El Progreso, Santa Rita y El Negrito en Yoro, incluyendo El Ramal del Tigre en Tela, Atl\u00e1ntida, as\u00ed como Alianza en el departamento de Valle.<\/p>\n\n\n\n<p>Los departamentos de Santa B\u00e1rbara, Ocotepeque, Cop\u00e1n, Lempira, Cort\u00e9s, Comayagua, Intibuc\u00e1, Valle, Choluteca y el Distrito Central en Francisco Moraz\u00e1n permanecen en condici\u00f3n de Alerta Amarilla.<\/p>\n\n\n\n<p>Por otro lado, se ampl\u00eda la Alerta Verde para los departamentos de La Paz y Francisco Moraz\u00e1n, con una duraci\u00f3n de 24 horas a partir de las 6:00 a. m. del viernes 19 de septiembre de 2025.<\/p>\n\n\n\n<p>El Centro de Estudios Atmosf\u00e9ricos, Oceanogr\u00e1ficos y S\u00edsmicos (CENAOS) informa que la vaguada sigue presente en el pa\u00eds, generando nubosidad, lluvias y chubascos de intensidad leve a moderada, de manera dispersa y acompa\u00f1ados de actividad el\u00e9ctrica. Los mayores vol\u00famenes de precipitaci\u00f3n se prev\u00e9n en las zonas del Sur, Noroccidente, Occidente, as\u00ed como \u00e1reas del Centro y Oriente del pa\u00eds.<\/p>\n\n\n<div class=\"wp-block-image\">\n<figure data-wp-context=\"{&quot;imageId&quot;:&quot;69ee6ceaaff22&quot;}\" data-wp-interactive=\"core\/image\" data-wp-key=\"69ee6ceaaff22\" class=\"aligncenter size-large wp-lightbox-container\"><img alt=\"\" loading=\"lazy\" decoding=\"async\" width=\"1024\" height=\"785\" data-wp-class--hide=\"state.isContentHidden\" data-wp-class--show=\"state.isContentVisible\" data-wp-init=\"callbacks.setButtonStyles\" data-wp-on--click=\"actions.showLightbox\" data-wp-on--load=\"callbacks.setButtonStyles\" data-wp-on-window--resize=\"callbacks.setButtonStyles\" src=\"https:\/\/girasolmultimedios.com\/portal\/wp-content\/uploads\/Alerta-amarilla-municipios-rio-ulua-sept2025-1024x785.jpg\" alt=\"\" class=\"wp-image-457\" srcset=\"https:\/\/girasolmultimedios.com\/portal\/wp-content\/uploads\/Alerta-amarilla-municipios-rio-ulua-sept2025-1024x785.jpg 1024w, https:\/\/girasolmultimedios.com\/portal\/wp-content\/uploads\/Alerta-amarilla-municipios-rio-ulua-sept2025-300x230.jpg 300w, https:\/\/girasolmultimedios.com\/portal\/wp-content\/uploads\/Alerta-amarilla-municipios-rio-ulua-sept2025-150x115.jpg 150w, https:\/\/girasolmultimedios.com\/portal\/wp-content\/uploads\/Alerta-amarilla-municipios-rio-ulua-sept2025-768x589.jpg 768w, https:\/\/girasolmultimedios.com\/portal\/wp-content\/uploads\/Alerta-amarilla-municipios-rio-ulua-sept2025-1536x1178.jpg 1536w, https:\/\/girasolmultimedios.com\/portal\/wp-content\/uploads\/Alerta-amarilla-municipios-rio-ulua-sept2025.jpg 2048w\" sizes=\"auto, (max-width: 1024px) 100vw, 1024px\" \/><button\n\t\t\tclass=\"lightbox-trigger\"\n\t\t\ttype=\"button\"\n\t\t\taria-haspopup=\"dialog\"\n\t\t\taria-label=\"Agrandar\"\n\t\t\tdata-wp-init=\"callbacks.initTriggerButton\"\n\t\t\tdata-wp-on--click=\"actions.showLightbox\"\n\t\t\tdata-wp-style--right=\"state.imageButtonRight\"\n\t\t\tdata-wp-style--top=\"state.imageButtonTop\"\n\t\t>\n\t\t\t<svg xmlns=\"http:\/\/www.w3.org\/2000\/svg\" width=\"12\" height=\"12\" fill=\"none\" viewBox=\"0 0 12 12\">\n\t\t\t\t<path fill=\"#fff\" d=\"M2 0a2 2 0 0 0-2 2v2h1.5V2a.5.5 0 0 1 .5-.5h2V0H2Zm2 10.5H2a.5.5 0 0 1-.5-.5V8H0v2a2 2 0 0 0 2 2h2v-1.5ZM8 12v-1.5h2a.5.5 0 0 0 .5-.5V8H12v2a2 2 0 0 1-2 2H8Zm2-12a2 2 0 0 1 2 2v2h-1.5V2a.5.5 0 0 0-.5-.5H8V0h2Z\" \/>\n\t\t\t<\/svg>\n\t\t<\/button><\/figure>\n<\/div>\n\n\n<p>Recomendaciones preventivas:<\/p>\n\n\n\n<p>A los gobiernos locales, CODEM y CODELES, se les exhorta a mantener una supervisi\u00f3n constante ante cualquier amenaza que represente riesgo para las comunidades, especialmente en sectores vulnerables.<\/p>\n\n\n\n<p>A las personas que habitan cerca de cauces de r\u00edos o en zonas con riesgo de deslizamientos, derrumbes, hundimientos o inundaciones, se les aconseja adoptar precauciones oportunas.<\/p>\n\n\n\n<p>Evitar cruzar r\u00edos, quebradas o pasos de agua que presenten crecimiento debido a las lluvias.<\/p>\n\n\n\n<p>Continuar con acciones de prevenci\u00f3n como asegurar techos y mantener limpias las cunetas, tragantes y sistemas de drenaje, para evitar inundaciones repentinas en \u00e1reas urbanas.<\/p>\n\n\n\n<p>Se recomienda a la Direcci\u00f3n Nacional de la Marina Mercante y a las Capitan\u00edas de Puerto limitar la navegaci\u00f3n de embarcaciones de peque\u00f1o y mediano tama\u00f1o.<\/p>\n","protected":false},"excerpt":{"rendered":"<p>La Secretar\u00eda de Estado en los Despachos de Gesti\u00f3n de Riesgos y Contingencias Nacionales (COPECO) ha reducido a Alerta Amarilla el nivel de emergencia para los municipios cercanos al r\u00edo Ul\u00faa: Pimienta, Villanueva, Potrerillos y San Manuel en el departamento de Cort\u00e9s; El Progreso, Santa Rita y El Negrito en Yoro, incluyendo El Ramal del Tigre en Tela, Atl\u00e1ntida, as\u00ed como Alianza en el departamento de Valle.<\/p>\n","protected":false},"author":2,"featured_media":456,"comment_status":"closed","ping_status":"open","sticky":false,"template":"","format":"standard","meta":{"_seopress_robots_primary_cat":"","_seopress_titles_title":"","_seopress_titles_desc":"","_seopress_robots_index":"","footnotes":""},"categories":[32,23],"tags":[64,33,65,67,68,66],"class_list":["post-455","post","type-post","status-publish","format-standard","has-post-thumbnail","hentry","category-clima","category-nacionales","tag-alerta-amarilla","tag-copeco","tag-cortes-el-progreso","tag-el-negrito","tag-el-ramal-del-tigre","tag-santa-rita"],"_links":{"self":[{"href":"https:\/\/girasolmultimedios.com\/portal\/wp-json\/wp\/v2\/posts\/455","targetHints":{"allow":["GET"]}}],"collection":[{"href":"https:\/\/girasolmultimedios.com\/portal\/wp-json\/wp\/v2\/posts"}],"about":[{"href":"https:\/\/girasolmultimedios.com\/portal\/wp-json\/wp\/v2\/types\/post"}],"author":[{"embeddable":true,"href":"https:\/\/girasolmultimedios.com\/portal\/wp-json\/wp\/v2\/users\/2"}],"replies":[{"embeddable":true,"href":"https:\/\/girasolmultimedios.com\/portal\/wp-json\/wp\/v2\/comments?post=455"}],"version-history":[{"count":1,"href":"https:\/\/girasolmultimedios.com\/portal\/wp-json\/wp\/v2\/posts\/455\/revisions"}],"predecessor-version":[{"id":458,"href":"https:\/\/girasolmultimedios.com\/portal\/wp-json\/wp\/v2\/posts\/455\/revisions\/458"}],"wp:featuredmedia":[{"embeddable":true,"href":"https:\/\/girasolmultimedios.com\/portal\/wp-json\/wp\/v2\/media\/456"}],"wp:attachment":[{"href":"https:\/\/girasolmultimedios.com\/portal\/wp-json\/wp\/v2\/media?parent=455"}],"wp:term":[{"taxonomy":"category","embeddable":true,"href":"https:\/\/girasolmultimedios.com\/portal\/wp-json\/wp\/v2\/categories?post=455"},{"taxonomy":"post_tag","embeddable":true,"href":"https:\/\/girasolmultimedios.com\/portal\/wp-json\/wp\/v2\/tags?post=455"}],"curies":[{"name":"wp","href":"https:\/\/api.w.org\/{rel}","templated":true}]}}