{"id":4550,"date":"2026-03-11T06:59:53","date_gmt":"2026-03-11T12:59:53","guid":{"rendered":"https:\/\/girasolmultimedios.com\/portal\/?p=4550"},"modified":"2026-03-11T06:59:53","modified_gmt":"2026-03-11T12:59:53","slug":"dan-de-alta-a-la-unica-sobreviviente-de-trillizas-nacidas-en-san-pedro-sula","status":"publish","type":"post","link":"https:\/\/girasolmultimedios.com\/portal\/dan-de-alta-a-la-unica-sobreviviente-de-trillizas-nacidas-en-san-pedro-sula\/","title":{"rendered":"Dan de alta a la \u00fanica sobreviviente de trillizas nacidas en San Pedro Sula"},"content":{"rendered":"\n<p>La \u00fanica sobreviviente de las trillizas que nacieron en San Pedro Sula fue dada de alta este martes luego de permanecer 45 d\u00edas hospitalizada debido a complicaciones derivadas de su bajo peso al nacer.<\/p>\n\n\n\n<p>El padre de la menor, Luis Felipe Pe\u00f1a, inform\u00f3 que la ni\u00f1a llevar\u00e1 por nombre Laura Raquel y agradeci\u00f3 al personal m\u00e9dico por la atenci\u00f3n brindada durante el proceso de recuperaci\u00f3n de la beb\u00e9.<\/p>\n\n\n\n<p>Las trillizas nacieron el pasado 25 de enero, fecha en la que se celebra el D\u00eda de la Mujer Hondure\u00f1a, convirti\u00e9ndose en las primeras trillizas registradas en el pa\u00eds durante 2026.<\/p>\n\n\n\n<p>Sin embargo, dos de las reci\u00e9n nacidas fallecieron poco despu\u00e9s del parto pese a los esfuerzos del equipo m\u00e9dico.<\/p>\n\n\n\n<p>Los padres, un hombre de 58 a\u00f1os y una mujer de 28, ya ten\u00edan una hija de ocho a\u00f1os. Para la madre este fue su segundo parto y, aunque celebran la recuperaci\u00f3n de la peque\u00f1a, lamentan la p\u00e9rdida de las otras dos beb\u00e9s.<\/p>\n\n\n\n<p>Aunque el nacimiento ocurri\u00f3 en San Pedro Sula, la familia es originaria del municipio de San Marcos, en el occidente del pa\u00eds, donde esperan regresar junto a la reci\u00e9n nacida.<\/p>\n\n\n\n<p>\u00bfPor qu\u00e9 es riesgoso un embarazo de trillizos?<br>Un embarazo de trillizos es considerado de alto riesgo porque tres beb\u00e9s comparten el mismo espacio y nutrientes dentro del \u00fatero, lo que aumenta la posibilidad de complicaciones para la madre y los reci\u00e9n nacidos.<\/p>\n\n\n\n<p>Parto prematuro: la mayor\u00eda de los trillizos nacen antes de tiempo, lo que puede afectar el desarrollo de \u00f3rganos como los pulmones.<\/p>\n\n\n\n<p>Bajo peso al nacer: al compartir nutrientes, los beb\u00e9s suelen nacer con menos peso, lo que aumenta el riesgo de infecciones y otras complicaciones.<\/p>\n\n\n\n<p>Problemas de salud para la madre: existe mayor probabilidad de presi\u00f3n arterial alta, preeclampsia o diabetes gestacional.<\/p>\n\n\n\n<p>Complicaciones neonatales: la prematuridad y el bajo peso pueden provocar dificultades respiratorias y otros problemas m\u00e9dicos.<\/p>\n","protected":false},"excerpt":{"rendered":"<p>La \u00fanica sobreviviente de las trillizas que nacieron en San Pedro Sula fue dada de alta este martes luego de permanecer 45 d\u00edas hospitalizada debido a complicaciones derivadas de su bajo peso al nacer. El padre de la menor, Luis Felipe Pe\u00f1a, inform\u00f3 que la ni\u00f1a llevar\u00e1 por nombre Laura Raquel y agradeci\u00f3 al personal [&hellip;]<\/p>\n","protected":false},"author":2,"featured_media":4551,"comment_status":"closed","ping_status":"open","sticky":false,"template":"","format":"standard","meta":{"_seopress_robots_primary_cat":"","_seopress_titles_title":"","_seopress_titles_desc":"","_seopress_robots_index":"","footnotes":""},"categories":[1],"tags":[],"class_list":["post-4550","post","type-post","status-publish","format-standard","has-post-thumbnail","hentry","category-sin-categoria"],"_links":{"self":[{"href":"https:\/\/girasolmultimedios.com\/portal\/wp-json\/wp\/v2\/posts\/4550","targetHints":{"allow":["GET"]}}],"collection":[{"href":"https:\/\/girasolmultimedios.com\/portal\/wp-json\/wp\/v2\/posts"}],"about":[{"href":"https:\/\/girasolmultimedios.com\/portal\/wp-json\/wp\/v2\/types\/post"}],"author":[{"embeddable":true,"href":"https:\/\/girasolmultimedios.com\/portal\/wp-json\/wp\/v2\/users\/2"}],"replies":[{"embeddable":true,"href":"https:\/\/girasolmultimedios.com\/portal\/wp-json\/wp\/v2\/comments?post=4550"}],"version-history":[{"count":1,"href":"https:\/\/girasolmultimedios.com\/portal\/wp-json\/wp\/v2\/posts\/4550\/revisions"}],"predecessor-version":[{"id":4552,"href":"https:\/\/girasolmultimedios.com\/portal\/wp-json\/wp\/v2\/posts\/4550\/revisions\/4552"}],"wp:featuredmedia":[{"embeddable":true,"href":"https:\/\/girasolmultimedios.com\/portal\/wp-json\/wp\/v2\/media\/4551"}],"wp:attachment":[{"href":"https:\/\/girasolmultimedios.com\/portal\/wp-json\/wp\/v2\/media?parent=4550"}],"wp:term":[{"taxonomy":"category","embeddable":true,"href":"https:\/\/girasolmultimedios.com\/portal\/wp-json\/wp\/v2\/categories?post=4550"},{"taxonomy":"post_tag","embeddable":true,"href":"https:\/\/girasolmultimedios.com\/portal\/wp-json\/wp\/v2\/tags?post=4550"}],"curies":[{"name":"wp","href":"https:\/\/api.w.org\/{rel}","templated":true}]}}