{"id":4575,"date":"2026-03-12T06:50:49","date_gmt":"2026-03-12T12:50:49","guid":{"rendered":"https:\/\/girasolmultimedios.com\/portal\/?p=4575"},"modified":"2026-03-12T06:50:51","modified_gmt":"2026-03-12T12:50:51","slug":"papa-leon-xiv-designa-al-espanol-luis-marin-de-san-martin-como-nuevo-responsable-de-obras-de-caridad-del-vaticano","status":"publish","type":"post","link":"https:\/\/girasolmultimedios.com\/portal\/papa-leon-xiv-designa-al-espanol-luis-marin-de-san-martin-como-nuevo-responsable-de-obras-de-caridad-del-vaticano\/","title":{"rendered":"Papa Le\u00f3n XIV designa al espa\u00f1ol Luis Mar\u00edn de San Mart\u00edn como nuevo responsable de obras de caridad del Vaticano"},"content":{"rendered":"\n<p>El Papa Le\u00f3n XIV anunci\u00f3 el nombramiento del obispo espa\u00f1ol Luis Mar\u00edn de San Mart\u00edn como nuevo limosnero apost\u00f3lico, cargo encargado de coordinar las acciones caritativas del pont\u00edfice. El religioso sustituir\u00e1 al cardenal polaco Konrad Krajewski, quien desempe\u00f1\u00f3 esta funci\u00f3n durante el pontificado anterior.<\/p>\n\n\n\n<p>Mar\u00edn de San Mart\u00edn, miembro de la orden agustina al igual que el actual papa, se desempe\u00f1aba hasta ahora como subsecretario de la Secretar\u00eda General del S\u00ednodo. Con su nuevo cargo tambi\u00e9n ha sido elevado al rango de arzobispo, seg\u00fan inform\u00f3 la Santa Sede a trav\u00e9s de su bolet\u00edn oficial.<\/p>\n\n\n\n<p>Este nombramiento representa una de las primeras decisiones relevantes del nuevo pont\u00edfice dentro de la reorganizaci\u00f3n de la Curia romana, particularmente en el Dicasterio para el Servicio de la Caridad, instituci\u00f3n encargada de canalizar la ayuda solidaria que realiza el papa.<\/p>\n\n\n\n<p>El nuevo limosnero naci\u00f3 en Madrid en 1961 y cuenta con formaci\u00f3n acad\u00e9mica en teolog\u00eda. Obtuvo la licenciatura en Teolog\u00eda Espiritual en la Universidad Pontificia de Comillas y tambi\u00e9n estudi\u00f3 Teolog\u00eda Dogm\u00e1tica en la Pontificia Universidad Gregoriana en Roma.<\/p>\n\n\n\n<p>Con este cambio, concluye la etapa del cardenal Konrad Krajewski al frente de la oficina encargada de las obras ben\u00e9ficas del Vaticano. El religioso polaco dejar\u00e1 la capital italiana para asumir como arzobispo en la ciudad de \u0141\u00f3d\u017a, en su pa\u00eds natal.<\/p>\n\n\n\n<p>Krajewski fue una figura muy cercana al pontificado de Papa Francisco, quien lo design\u00f3 limosnero apost\u00f3lico en 2013 y posteriormente lo nombr\u00f3 cardenal. Durante su gesti\u00f3n se destac\u00f3 por su participaci\u00f3n directa en acciones solidarias, incluso viajando personalmente a Ucrania para llevar ayuda humanitaria durante la invasi\u00f3n rusa.<\/p>\n","protected":false},"excerpt":{"rendered":"<p>El Papa Le\u00f3n XIV anunci\u00f3 el nombramiento del obispo espa\u00f1ol Luis Mar\u00edn de San Mart\u00edn como nuevo limosnero apost\u00f3lico, cargo encargado de coordinar las acciones caritativas del pont\u00edfice. El religioso sustituir\u00e1 al cardenal polaco Konrad Krajewski, quien desempe\u00f1\u00f3 esta funci\u00f3n durante el pontificado anterior. Mar\u00edn de San Mart\u00edn, miembro de la orden agustina al igual [&hellip;]<\/p>\n","protected":false},"author":2,"featured_media":4576,"comment_status":"closed","ping_status":"open","sticky":false,"template":"","format":"standard","meta":{"_seopress_robots_primary_cat":"","_seopress_titles_title":"","_seopress_titles_desc":"","_seopress_robots_index":"","footnotes":""},"categories":[1],"tags":[],"class_list":["post-4575","post","type-post","status-publish","format-standard","has-post-thumbnail","hentry","category-sin-categoria"],"_links":{"self":[{"href":"https:\/\/girasolmultimedios.com\/portal\/wp-json\/wp\/v2\/posts\/4575","targetHints":{"allow":["GET"]}}],"collection":[{"href":"https:\/\/girasolmultimedios.com\/portal\/wp-json\/wp\/v2\/posts"}],"about":[{"href":"https:\/\/girasolmultimedios.com\/portal\/wp-json\/wp\/v2\/types\/post"}],"author":[{"embeddable":true,"href":"https:\/\/girasolmultimedios.com\/portal\/wp-json\/wp\/v2\/users\/2"}],"replies":[{"embeddable":true,"href":"https:\/\/girasolmultimedios.com\/portal\/wp-json\/wp\/v2\/comments?post=4575"}],"version-history":[{"count":1,"href":"https:\/\/girasolmultimedios.com\/portal\/wp-json\/wp\/v2\/posts\/4575\/revisions"}],"predecessor-version":[{"id":4577,"href":"https:\/\/girasolmultimedios.com\/portal\/wp-json\/wp\/v2\/posts\/4575\/revisions\/4577"}],"wp:featuredmedia":[{"embeddable":true,"href":"https:\/\/girasolmultimedios.com\/portal\/wp-json\/wp\/v2\/media\/4576"}],"wp:attachment":[{"href":"https:\/\/girasolmultimedios.com\/portal\/wp-json\/wp\/v2\/media?parent=4575"}],"wp:term":[{"taxonomy":"category","embeddable":true,"href":"https:\/\/girasolmultimedios.com\/portal\/wp-json\/wp\/v2\/categories?post=4575"},{"taxonomy":"post_tag","embeddable":true,"href":"https:\/\/girasolmultimedios.com\/portal\/wp-json\/wp\/v2\/tags?post=4575"}],"curies":[{"name":"wp","href":"https:\/\/api.w.org\/{rel}","templated":true}]}}