{"id":4581,"date":"2026-03-12T06:55:33","date_gmt":"2026-03-12T12:55:33","guid":{"rendered":"https:\/\/girasolmultimedios.com\/portal\/?p=4581"},"modified":"2026-03-12T06:55:35","modified_gmt":"2026-03-12T12:55:35","slug":"conflicto-publico-por-la-memoria-de-berta-caceres-genera-nuevas-tensiones","status":"publish","type":"post","link":"https:\/\/girasolmultimedios.com\/portal\/conflicto-publico-por-la-memoria-de-berta-caceres-genera-nuevas-tensiones\/","title":{"rendered":"Conflicto p\u00fablico por la memoria de Berta C\u00e1ceres genera nuevas tensiones"},"content":{"rendered":"\n<p>Una disputa p\u00fablica se ha generado alrededor del legado de la dirigente ambientalista Berta C\u00e1ceres, luego de que su hija mayor, Olivia Marcela Z\u00faniga C\u00e1ceres, se\u00f1alara en redes sociales a la escritora y activista Melissa Cardoza de beneficiarse econ\u00f3micamente utilizando la figura de su madre.<\/p>\n\n\n\n<p>La pol\u00e9mica surgi\u00f3 despu\u00e9s de un evento realizado en Tegucigalpa durante actividades relacionadas con el D\u00eda Internacional de la Mujer, donde se present\u00f3 el documental Water for Life (Agua es vida). Durante la actividad, Cardoza coment\u00f3 que los ataques sufridos por C\u00e1ceres reflejan la violencia estructural que enfrentan muchas mujeres que participan en luchas sociales y pol\u00edticas.<\/p>\n\n\n\n<p>Estas declaraciones provocaron una fuerte reacci\u00f3n de Olivia Z\u00faniga, quien public\u00f3 varios mensajes en la red social X cuestionando que Cardoza hable en nombre de su madre. La tambi\u00e9n exdiputada y exfuncionaria diplom\u00e1tica afirm\u00f3 que la escritora se ha apropiado del relato sobre la vida de la ambientalista y que incluso habr\u00eda intentado obtener beneficios econ\u00f3micos vinculados a su memoria.<\/p>\n\n\n\n<p>Entre las acusaciones, Z\u00faniga sostuvo que Cardoza nunca fue realmente cercana a la dirigente ind\u00edgena y mencion\u00f3 que habr\u00eda buscado obtener una parte del dinero del Premio Goldman Ambiental que su madre recibi\u00f3 en 2015 por su lucha en defensa del medio ambiente.<\/p>\n\n\n\n<p>En sus publicaciones, la hija mayor de la l\u00edder lenca tambi\u00e9n se\u00f1al\u00f3 que durante los \u00faltimos a\u00f1os se han difundido versiones manipuladas sobre la historia de su madre, financiadas con recursos provenientes del extranjero. Adem\u00e1s, asegur\u00f3 que eval\u00faa emprender acciones legales por presuntos delitos como difamaci\u00f3n, calumnia, hostigamiento y uso indebido del nombre e imagen de la activista.<\/p>\n\n\n\n<p>La controversia tambi\u00e9n reaviv\u00f3 recuerdos de momentos posteriores al asesinato de C\u00e1ceres. Seg\u00fan Z\u00faniga, durante el velorio de la ambientalista se realizaron se\u00f1alamientos contra su padre, Salvador Edgardo Z\u00faniga, lo que gener\u00f3 tensiones familiares en medio del duelo.<\/p>\n\n\n\n<p>Sin embargo, la discusi\u00f3n p\u00fablica tom\u00f3 otro rumbo cuando otras hijas de la dirigente ambientalista se pronunciaron. Berta Z\u00faniga C\u00e1ceres y Laura Z\u00faniga C\u00e1ceres compartieron mensajes que fueron interpretados como una defensa de Melissa Cardoza.<\/p>\n\n\n\n<p>En sus publicaciones, ambas resaltaron que la escritora mantuvo una relaci\u00f3n cercana con su madre y que acompa\u00f1\u00f3 a la familia en momentos dif\u00edciles. Las declaraciones evidenciaron posturas distintas dentro del propio entorno familiar respecto a las acusaciones difundidas en redes sociales.<\/p>\n\n\n\n<p>La pol\u00e9mica ha vuelto a poner en el centro del debate p\u00fablico las tensiones que existen en torno al legado pol\u00edtico y social de Berta C\u00e1ceres, una de las figuras m\u00e1s reconocidas en la defensa del medio ambiente y los derechos de los pueblos ind\u00edgenas en Honduras.<\/p>\n","protected":false},"excerpt":{"rendered":"<p>Una disputa p\u00fablica se ha generado alrededor del legado de la dirigente ambientalista Berta C\u00e1ceres, luego de que su hija mayor, Olivia Marcela Z\u00faniga C\u00e1ceres, se\u00f1alara en redes sociales a la escritora y activista Melissa Cardoza de beneficiarse econ\u00f3micamente utilizando la figura de su madre. La pol\u00e9mica surgi\u00f3 despu\u00e9s de un evento realizado en Tegucigalpa [&hellip;]<\/p>\n","protected":false},"author":2,"featured_media":4582,"comment_status":"closed","ping_status":"open","sticky":false,"template":"","format":"standard","meta":{"_seopress_robots_primary_cat":"","_seopress_titles_title":"","_seopress_titles_desc":"","_seopress_robots_index":"","footnotes":""},"categories":[1],"tags":[],"class_list":["post-4581","post","type-post","status-publish","format-standard","has-post-thumbnail","hentry","category-sin-categoria"],"_links":{"self":[{"href":"https:\/\/girasolmultimedios.com\/portal\/wp-json\/wp\/v2\/posts\/4581","targetHints":{"allow":["GET"]}}],"collection":[{"href":"https:\/\/girasolmultimedios.com\/portal\/wp-json\/wp\/v2\/posts"}],"about":[{"href":"https:\/\/girasolmultimedios.com\/portal\/wp-json\/wp\/v2\/types\/post"}],"author":[{"embeddable":true,"href":"https:\/\/girasolmultimedios.com\/portal\/wp-json\/wp\/v2\/users\/2"}],"replies":[{"embeddable":true,"href":"https:\/\/girasolmultimedios.com\/portal\/wp-json\/wp\/v2\/comments?post=4581"}],"version-history":[{"count":1,"href":"https:\/\/girasolmultimedios.com\/portal\/wp-json\/wp\/v2\/posts\/4581\/revisions"}],"predecessor-version":[{"id":4583,"href":"https:\/\/girasolmultimedios.com\/portal\/wp-json\/wp\/v2\/posts\/4581\/revisions\/4583"}],"wp:featuredmedia":[{"embeddable":true,"href":"https:\/\/girasolmultimedios.com\/portal\/wp-json\/wp\/v2\/media\/4582"}],"wp:attachment":[{"href":"https:\/\/girasolmultimedios.com\/portal\/wp-json\/wp\/v2\/media?parent=4581"}],"wp:term":[{"taxonomy":"category","embeddable":true,"href":"https:\/\/girasolmultimedios.com\/portal\/wp-json\/wp\/v2\/categories?post=4581"},{"taxonomy":"post_tag","embeddable":true,"href":"https:\/\/girasolmultimedios.com\/portal\/wp-json\/wp\/v2\/tags?post=4581"}],"curies":[{"name":"wp","href":"https:\/\/api.w.org\/{rel}","templated":true}]}}